{"id":2224,"date":"2019-12-11T16:13:24","date_gmt":"2019-12-11T15:13:24","guid":{"rendered":"https:\/\/activat.ferrerguardia.org\/la-fundacion-ferrer-guardia-celebra-la-jornada-activate-2019\/"},"modified":"2025-02-26T12:27:43","modified_gmt":"2025-02-26T11:27:43","slug":"la-fundacion-ferrer-guardia-celebra-la-jornada-activate-2019","status":"publish","type":"post","link":"https:\/\/activat.ferrerguardia.org\/es\/la-fundacion-ferrer-guardia-celebra-la-jornada-activate-2019\/","title":{"rendered":"La Fundaci\u00f3n Ferrer Guardia celebra la Jornada Act\u00edvate 2019"},"content":{"rendered":"<p>El 2 de diciembre tuvo lugar la Jornada Act\u00edvate: retos de acompa\u00f1amiento en las transiciones educativas y proyecto vital en el Palacio Macaya de Barcelona. Una cincuentena de personas particip\u00f3 en la actividad organizada por la Fundaci\u00f3n Ferrer Guardia en el marco del Proyecto Act\u00edvate. La jornada se desarroll\u00f3 entorno los a los <strong>retos de acompa\u00f1amiento a las transiciones educativas y el proyecto vital de los y las j\u00f3venes. <\/strong><\/p>\n<p>La soci\u00f3loga Aina Tarabini realiz\u00f3 la ponencia inaugural donde se destac\u00f3 la importancia de tener la mirada cr\u00edtica sobre la orientaci\u00f3n: \u201cPuede ayudar a canalizar procesos, pero no es una soluci\u00f3n de todos los problemas educativos. Tiene que estar vinculada a discursos y pr\u00e1cticas pol\u00edticas que permitan que despu\u00e9s de los 16 a\u00f1os todo el mundo pueda tener las mismas oportunidades.\u201d<\/p>\n<p>Por otra parte, se conformaron dos di\u00e1logos de experiencias con el objetivo de sensibilizar sobre el proceso de acompa\u00f1amiento y dar la respuesta a las necesidades de inserci\u00f3n laboral de los j\u00f3venes.<\/p>\n<p>En el primer dialogo se expusieron <strong>experiencias<\/strong> como el Proyecto Xcelence de la Fundaci\u00f3n Bertelsman, una herramienta digital para una orientaci\u00f3n profesional de cualidad explicada por el Projecte Manager de la entidad, Hannes Brandt. Seguidamente el t\u00e9cnico de proyectos del Instituto Municipal de Educaci\u00f3n de Barcelona, Jordi Grau, present\u00f3 la Escuela de Segundas Oportunidades de Barcelona- Un proyecto impulsado por el IMEB que tiene el objetivo de ser un nuevo recurso que contribuya a la mejora de las condiciones de inserci\u00f3n de los y las j\u00f3venes de la ciudad. Para cerrar este primer espacio de experiencias, el profesor David Atzet present\u00f3 el modelo de itinerario personalizado de los alumnos de la ESO establecido en el centro SINS Cardener.<\/p>\n<p>El segundo dialogo cont\u00f3 con la exposici\u00f3n de las orientadoras laborales, Andrea L\u00f3pez y Inge Elorriaga, sobre los programas de acogida, de orientaci\u00f3n educativa y laboral de la Fundaci\u00f3n Novia Salcedo y, para acabar, la responsable del servicio de orientaci\u00f3n profesional, Clara Serra explic\u00f3 el proyecto Jove Decideix impulsado por el Servicio de Ocupaci\u00f3n de Terrassa.<\/p>\n<p>La actuaci\u00f3n de Juanjo Camarena, del colectivo el Teatro del Built, puso punto final a la Jornada Activa\u2019t. Sus clownclusiones resaltaron los aspectos m\u00e1s destacados de la jornada entre la sorpresa y risas del p\u00fablico.<\/p>\n","protected":false},"excerpt":{"rendered":"<p>El 2 de diciembre tuvo lugar la Jornada Act\u00edvate: retos de acompa\u00f1amiento en las transiciones educativas y proyecto vital en el Palacio Macaya de Barcelona. Una cincuentena de personas particip\u00f3 en la actividad organizada por la Fundaci\u00f3n Ferrer Guardia en el marco del Proyecto Act\u00edvate. La jornada se desarroll\u00f3 entorno los a los retos de [&hellip;]<\/p>\n","protected":false},"author":3,"featured_media":2213,"comment_status":"open","ping_status":"open","sticky":false,"template":"","format":"standard","meta":{"_acf_changed":false,"footnotes":""},"categories":[4],"tags":[],"class_list":["post-2224","post","type-post","status-publish","format-standard","has-post-thumbnail","hentry","category-noticias"],"acf":[],"yoast_head":"<!-- This site is optimized with the Yoast SEO plugin v27.4 - https:\/\/yoast.com\/product\/yoast-seo-wordpress\/ -->\n<title>La Fundaci\u00f3n Ferrer Guardia celebra la Jornada Act\u00edvate 2019 - Activa&#039;t | Participa i transforma el teu futur<\/title>\n<meta name=\"robots\" content=\"index, follow, max-snippet:-1, max-image-preview:large, max-video-preview:-1\" \/>\n<link rel=\"canonical\" href=\"https:\/\/activat.ferrerguardia.org\/jornada-activat-reptes-de-lacompanyament-a-les-transicions-educatives-i-projecte-vital\/\" \/>\n<meta property=\"og:locale\" content=\"es_ES\" \/>\n<meta property=\"og:type\" content=\"article\" \/>\n<meta property=\"og:title\" content=\"La Fundaci\u00f3n Ferrer Guardia celebra la Jornada Act\u00edvate 2019 - Activa&#039;t | Participa i transforma el teu futur\" \/>\n<meta property=\"og:description\" content=\"El 2 de diciembre tuvo lugar la Jornada Act\u00edvate: retos de acompa\u00f1amiento en las transiciones educativas y proyecto vital en el Palacio Macaya de Barcelona. Una cincuentena de personas particip\u00f3 en la actividad organizada por la Fundaci\u00f3n Ferrer Guardia en el marco del Proyecto Act\u00edvate. La jornada se desarroll\u00f3 entorno los a los retos de [&hellip;]\" \/>\n<meta property=\"og:url\" content=\"https:\/\/activat.ferrerguardia.org\/jornada-activat-reptes-de-lacompanyament-a-les-transicions-educatives-i-projecte-vital\/\" \/>\n<meta property=\"og:site_name\" content=\"Activa&#039;t | Participa i transforma el teu futur\" \/>\n<meta property=\"article:publisher\" content=\"https:\/\/www.facebook.com\/FundacioFrancescFerrerGuardia\" \/>\n<meta property=\"article:published_time\" content=\"2019-12-11T15:13:24+00:00\" \/>\n<meta property=\"article:modified_time\" content=\"2025-02-26T11:27:43+00:00\" \/>\n<meta property=\"og:image\" content=\"https:\/\/activat.ferrerguardia.org\/wp-content\/uploads\/2019\/12\/IMG_0420-1.jpeg\" \/>\n\t<meta property=\"og:image:width\" content=\"2048\" \/>\n\t<meta property=\"og:image:height\" content=\"1536\" \/>\n\t<meta property=\"og:image:type\" content=\"image\/jpeg\" \/>\n<meta name=\"author\" content=\"adminactivat\" \/>\n<meta name=\"twitter:card\" content=\"summary_large_image\" \/>\n<meta name=\"twitter:label1\" content=\"Escrito por\" \/>\n\t<meta name=\"twitter:data1\" content=\"adminactivat\" \/>\n\t<meta name=\"twitter:label2\" content=\"Tiempo de lectura\" \/>\n\t<meta name=\"twitter:data2\" content=\"2 minutos\" \/>\n<script type=\"application\/ld+json\" class=\"yoast-schema-graph\">{\"@context\":\"https:\\\/\\\/schema.org\",\"@graph\":[{\"@type\":\"Article\",\"@id\":\"https:\\\/\\\/activat.ferrerguardia.org\\\/jornada-activat-reptes-de-lacompanyament-a-les-transicions-educatives-i-projecte-vital\\\/#article\",\"isPartOf\":{\"@id\":\"https:\\\/\\\/activat.ferrerguardia.org\\\/jornada-activat-reptes-de-lacompanyament-a-les-transicions-educatives-i-projecte-vital\\\/\"},\"author\":{\"name\":\"adminactivat\",\"@id\":\"https:\\\/\\\/activat.ferrerguardia.org\\\/#\\\/schema\\\/person\\\/2b385d89ee0022e0fe4087fdfdf2e51d\"},\"headline\":\"La Fundaci\u00f3n Ferrer Guardia celebra la Jornada Act\u00edvate 2019\",\"datePublished\":\"2019-12-11T15:13:24+00:00\",\"dateModified\":\"2025-02-26T11:27:43+00:00\",\"mainEntityOfPage\":{\"@id\":\"https:\\\/\\\/activat.ferrerguardia.org\\\/jornada-activat-reptes-de-lacompanyament-a-les-transicions-educatives-i-projecte-vital\\\/\"},\"wordCount\":413,\"commentCount\":0,\"publisher\":{\"@id\":\"https:\\\/\\\/activat.ferrerguardia.org\\\/#organization\"},\"image\":{\"@id\":\"https:\\\/\\\/activat.ferrerguardia.org\\\/jornada-activat-reptes-de-lacompanyament-a-les-transicions-educatives-i-projecte-vital\\\/#primaryimage\"},\"thumbnailUrl\":\"https:\\\/\\\/activat.ferrerguardia.org\\\/wp-content\\\/uploads\\\/2019\\\/12\\\/IMG_0420-1.jpeg\",\"articleSection\":[\"Noticias\"],\"inLanguage\":\"es\"},{\"@type\":\"WebPage\",\"@id\":\"https:\\\/\\\/activat.ferrerguardia.org\\\/jornada-activat-reptes-de-lacompanyament-a-les-transicions-educatives-i-projecte-vital\\\/\",\"url\":\"https:\\\/\\\/activat.ferrerguardia.org\\\/jornada-activat-reptes-de-lacompanyament-a-les-transicions-educatives-i-projecte-vital\\\/\",\"name\":\"La Fundaci\u00f3n Ferrer Guardia celebra la Jornada Act\u00edvate 2019 - Activa&#039;t | Participa i transforma el teu futur\",\"isPartOf\":{\"@id\":\"https:\\\/\\\/activat.ferrerguardia.org\\\/#website\"},\"primaryImageOfPage\":{\"@id\":\"https:\\\/\\\/activat.ferrerguardia.org\\\/jornada-activat-reptes-de-lacompanyament-a-les-transicions-educatives-i-projecte-vital\\\/#primaryimage\"},\"image\":{\"@id\":\"https:\\\/\\\/activat.ferrerguardia.org\\\/jornada-activat-reptes-de-lacompanyament-a-les-transicions-educatives-i-projecte-vital\\\/#primaryimage\"},\"thumbnailUrl\":\"https:\\\/\\\/activat.ferrerguardia.org\\\/wp-content\\\/uploads\\\/2019\\\/12\\\/IMG_0420-1.jpeg\",\"datePublished\":\"2019-12-11T15:13:24+00:00\",\"dateModified\":\"2025-02-26T11:27:43+00:00\",\"breadcrumb\":{\"@id\":\"https:\\\/\\\/activat.ferrerguardia.org\\\/jornada-activat-reptes-de-lacompanyament-a-les-transicions-educatives-i-projecte-vital\\\/#breadcrumb\"},\"inLanguage\":\"es\",\"potentialAction\":[{\"@type\":\"ReadAction\",\"target\":[\"https:\\\/\\\/activat.ferrerguardia.org\\\/jornada-activat-reptes-de-lacompanyament-a-les-transicions-educatives-i-projecte-vital\\\/\"]}]},{\"@type\":\"ImageObject\",\"inLanguage\":\"es\",\"@id\":\"https:\\\/\\\/activat.ferrerguardia.org\\\/jornada-activat-reptes-de-lacompanyament-a-les-transicions-educatives-i-projecte-vital\\\/#primaryimage\",\"url\":\"https:\\\/\\\/activat.ferrerguardia.org\\\/wp-content\\\/uploads\\\/2019\\\/12\\\/IMG_0420-1.jpeg\",\"contentUrl\":\"https:\\\/\\\/activat.ferrerguardia.org\\\/wp-content\\\/uploads\\\/2019\\\/12\\\/IMG_0420-1.jpeg\",\"width\":2048,\"height\":1536},{\"@type\":\"BreadcrumbList\",\"@id\":\"https:\\\/\\\/activat.ferrerguardia.org\\\/jornada-activat-reptes-de-lacompanyament-a-les-transicions-educatives-i-projecte-vital\\\/#breadcrumb\",\"itemListElement\":[{\"@type\":\"ListItem\",\"position\":1,\"name\":\"Inici\",\"item\":\"https:\\\/\\\/activat.ferrerguardia.org\\\/\"},{\"@type\":\"ListItem\",\"position\":2,\"name\":\"La Fundaci\u00f3n Ferrer Guardia celebra la Jornada Act\u00edvate 2019\"}]},{\"@type\":\"WebSite\",\"@id\":\"https:\\\/\\\/activat.ferrerguardia.org\\\/#website\",\"url\":\"https:\\\/\\\/activat.ferrerguardia.org\\\/\",\"name\":\"activat.ferrerguardia.org\",\"description\":\"Un programa que converteix la participaci\u00f3 associativa en experi\u00e8ncies que amplien les teves oportunitats laborals\",\"publisher\":{\"@id\":\"https:\\\/\\\/activat.ferrerguardia.org\\\/#organization\"},\"potentialAction\":[{\"@type\":\"SearchAction\",\"target\":{\"@type\":\"EntryPoint\",\"urlTemplate\":\"https:\\\/\\\/activat.ferrerguardia.org\\\/?s={search_term_string}\"},\"query-input\":{\"@type\":\"PropertyValueSpecification\",\"valueRequired\":true,\"valueName\":\"search_term_string\"}}],\"inLanguage\":\"es\"},{\"@type\":\"Organization\",\"@id\":\"https:\\\/\\\/activat.ferrerguardia.org\\\/#organization\",\"name\":\"activat.ferrerguardia.org\",\"url\":\"https:\\\/\\\/activat.ferrerguardia.org\\\/\",\"logo\":{\"@type\":\"ImageObject\",\"inLanguage\":\"es\",\"@id\":\"https:\\\/\\\/activat.ferrerguardia.org\\\/#\\\/schema\\\/logo\\\/image\\\/\",\"url\":\"https:\\\/\\\/activat.ferrerguardia.org\\\/wp-content\\\/uploads\\\/2025\\\/04\\\/Logo-activat.svg\",\"contentUrl\":\"https:\\\/\\\/activat.ferrerguardia.org\\\/wp-content\\\/uploads\\\/2025\\\/04\\\/Logo-activat.svg\",\"caption\":\"activat.ferrerguardia.org\"},\"image\":{\"@id\":\"https:\\\/\\\/activat.ferrerguardia.org\\\/#\\\/schema\\\/logo\\\/image\\\/\"},\"sameAs\":[\"https:\\\/\\\/www.facebook.com\\\/FundacioFrancescFerrerGuardia\",\"https:\\\/\\\/www.instagram.com\\\/fundacioferreriguardia\\\/\",\"https:\\\/\\\/bsky.app\\\/profile\\\/ferrerguardia.bsky.socia\",\"https:\\\/\\\/www.youtube.com\\\/@fundferrerguardia\",\"https:\\\/\\\/www.linkedin.com\\\/company\\\/fundacio-ferrer-i-guardia\"]},{\"@type\":\"Person\",\"@id\":\"https:\\\/\\\/activat.ferrerguardia.org\\\/#\\\/schema\\\/person\\\/2b385d89ee0022e0fe4087fdfdf2e51d\",\"name\":\"adminactivat\",\"image\":{\"@type\":\"ImageObject\",\"inLanguage\":\"es\",\"@id\":\"https:\\\/\\\/secure.gravatar.com\\\/avatar\\\/d5c6a1c4272f231a4228a5c3a9aad29388a3ec5fbf3a1aed75ae23c498308b83?s=96&d=mm&r=g\",\"url\":\"https:\\\/\\\/secure.gravatar.com\\\/avatar\\\/d5c6a1c4272f231a4228a5c3a9aad29388a3ec5fbf3a1aed75ae23c498308b83?s=96&d=mm&r=g\",\"contentUrl\":\"https:\\\/\\\/secure.gravatar.com\\\/avatar\\\/d5c6a1c4272f231a4228a5c3a9aad29388a3ec5fbf3a1aed75ae23c498308b83?s=96&d=mm&r=g\",\"caption\":\"adminactivat\"},\"url\":\"https:\\\/\\\/activat.ferrerguardia.org\\\/es\\\/author\\\/adminactivat\\\/\"}]}<\/script>\n<!-- \/ Yoast SEO plugin. -->","yoast_head_json":{"title":"La Fundaci\u00f3n Ferrer Guardia celebra la Jornada Act\u00edvate 2019 - Activa&#039;t | Participa i transforma el teu futur","robots":{"index":"index","follow":"follow","max-snippet":"max-snippet:-1","max-image-preview":"max-image-preview:large","max-video-preview":"max-video-preview:-1"},"canonical":"https:\/\/activat.ferrerguardia.org\/jornada-activat-reptes-de-lacompanyament-a-les-transicions-educatives-i-projecte-vital\/","og_locale":"es_ES","og_type":"article","og_title":"La Fundaci\u00f3n Ferrer Guardia celebra la Jornada Act\u00edvate 2019 - Activa&#039;t | Participa i transforma el teu futur","og_description":"El 2 de diciembre tuvo lugar la Jornada Act\u00edvate: retos de acompa\u00f1amiento en las transiciones educativas y proyecto vital en el Palacio Macaya de Barcelona. Una cincuentena de personas particip\u00f3 en la actividad organizada por la Fundaci\u00f3n Ferrer Guardia en el marco del Proyecto Act\u00edvate. La jornada se desarroll\u00f3 entorno los a los retos de [&hellip;]","og_url":"https:\/\/activat.ferrerguardia.org\/jornada-activat-reptes-de-lacompanyament-a-les-transicions-educatives-i-projecte-vital\/","og_site_name":"Activa&#039;t | Participa i transforma el teu futur","article_publisher":"https:\/\/www.facebook.com\/FundacioFrancescFerrerGuardia","article_published_time":"2019-12-11T15:13:24+00:00","article_modified_time":"2025-02-26T11:27:43+00:00","og_image":[{"width":2048,"height":1536,"url":"https:\/\/activat.ferrerguardia.org\/wp-content\/uploads\/2019\/12\/IMG_0420-1.jpeg","type":"image\/jpeg"}],"author":"adminactivat","twitter_card":"summary_large_image","twitter_misc":{"Escrito por":"adminactivat","Tiempo de lectura":"2 minutos"},"schema":{"@context":"https:\/\/schema.org","@graph":[{"@type":"Article","@id":"https:\/\/activat.ferrerguardia.org\/jornada-activat-reptes-de-lacompanyament-a-les-transicions-educatives-i-projecte-vital\/#article","isPartOf":{"@id":"https:\/\/activat.ferrerguardia.org\/jornada-activat-reptes-de-lacompanyament-a-les-transicions-educatives-i-projecte-vital\/"},"author":{"name":"adminactivat","@id":"https:\/\/activat.ferrerguardia.org\/#\/schema\/person\/2b385d89ee0022e0fe4087fdfdf2e51d"},"headline":"La Fundaci\u00f3n Ferrer Guardia celebra la Jornada Act\u00edvate 2019","datePublished":"2019-12-11T15:13:24+00:00","dateModified":"2025-02-26T11:27:43+00:00","mainEntityOfPage":{"@id":"https:\/\/activat.ferrerguardia.org\/jornada-activat-reptes-de-lacompanyament-a-les-transicions-educatives-i-projecte-vital\/"},"wordCount":413,"commentCount":0,"publisher":{"@id":"https:\/\/activat.ferrerguardia.org\/#organization"},"image":{"@id":"https:\/\/activat.ferrerguardia.org\/jornada-activat-reptes-de-lacompanyament-a-les-transicions-educatives-i-projecte-vital\/#primaryimage"},"thumbnailUrl":"https:\/\/activat.ferrerguardia.org\/wp-content\/uploads\/2019\/12\/IMG_0420-1.jpeg","articleSection":["Noticias"],"inLanguage":"es"},{"@type":"WebPage","@id":"https:\/\/activat.ferrerguardia.org\/jornada-activat-reptes-de-lacompanyament-a-les-transicions-educatives-i-projecte-vital\/","url":"https:\/\/activat.ferrerguardia.org\/jornada-activat-reptes-de-lacompanyament-a-les-transicions-educatives-i-projecte-vital\/","name":"La Fundaci\u00f3n Ferrer Guardia celebra la Jornada Act\u00edvate 2019 - Activa&#039;t | Participa i transforma el teu futur","isPartOf":{"@id":"https:\/\/activat.ferrerguardia.org\/#website"},"primaryImageOfPage":{"@id":"https:\/\/activat.ferrerguardia.org\/jornada-activat-reptes-de-lacompanyament-a-les-transicions-educatives-i-projecte-vital\/#primaryimage"},"image":{"@id":"https:\/\/activat.ferrerguardia.org\/jornada-activat-reptes-de-lacompanyament-a-les-transicions-educatives-i-projecte-vital\/#primaryimage"},"thumbnailUrl":"https:\/\/activat.ferrerguardia.org\/wp-content\/uploads\/2019\/12\/IMG_0420-1.jpeg","datePublished":"2019-12-11T15:13:24+00:00","dateModified":"2025-02-26T11:27:43+00:00","breadcrumb":{"@id":"https:\/\/activat.ferrerguardia.org\/jornada-activat-reptes-de-lacompanyament-a-les-transicions-educatives-i-projecte-vital\/#breadcrumb"},"inLanguage":"es","potentialAction":[{"@type":"ReadAction","target":["https:\/\/activat.ferrerguardia.org\/jornada-activat-reptes-de-lacompanyament-a-les-transicions-educatives-i-projecte-vital\/"]}]},{"@type":"ImageObject","inLanguage":"es","@id":"https:\/\/activat.ferrerguardia.org\/jornada-activat-reptes-de-lacompanyament-a-les-transicions-educatives-i-projecte-vital\/#primaryimage","url":"https:\/\/activat.ferrerguardia.org\/wp-content\/uploads\/2019\/12\/IMG_0420-1.jpeg","contentUrl":"https:\/\/activat.ferrerguardia.org\/wp-content\/uploads\/2019\/12\/IMG_0420-1.jpeg","width":2048,"height":1536},{"@type":"BreadcrumbList","@id":"https:\/\/activat.ferrerguardia.org\/jornada-activat-reptes-de-lacompanyament-a-les-transicions-educatives-i-projecte-vital\/#breadcrumb","itemListElement":[{"@type":"ListItem","position":1,"name":"Inici","item":"https:\/\/activat.ferrerguardia.org\/"},{"@type":"ListItem","position":2,"name":"La Fundaci\u00f3n Ferrer Guardia celebra la Jornada Act\u00edvate 2019"}]},{"@type":"WebSite","@id":"https:\/\/activat.ferrerguardia.org\/#website","url":"https:\/\/activat.ferrerguardia.org\/","name":"activat.ferrerguardia.org","description":"Un programa que converteix la participaci\u00f3 associativa en experi\u00e8ncies que amplien les teves oportunitats laborals","publisher":{"@id":"https:\/\/activat.ferrerguardia.org\/#organization"},"potentialAction":[{"@type":"SearchAction","target":{"@type":"EntryPoint","urlTemplate":"https:\/\/activat.ferrerguardia.org\/?s={search_term_string}"},"query-input":{"@type":"PropertyValueSpecification","valueRequired":true,"valueName":"search_term_string"}}],"inLanguage":"es"},{"@type":"Organization","@id":"https:\/\/activat.ferrerguardia.org\/#organization","name":"activat.ferrerguardia.org","url":"https:\/\/activat.ferrerguardia.org\/","logo":{"@type":"ImageObject","inLanguage":"es","@id":"https:\/\/activat.ferrerguardia.org\/#\/schema\/logo\/image\/","url":"https:\/\/activat.ferrerguardia.org\/wp-content\/uploads\/2025\/04\/Logo-activat.svg","contentUrl":"https:\/\/activat.ferrerguardia.org\/wp-content\/uploads\/2025\/04\/Logo-activat.svg","caption":"activat.ferrerguardia.org"},"image":{"@id":"https:\/\/activat.ferrerguardia.org\/#\/schema\/logo\/image\/"},"sameAs":["https:\/\/www.facebook.com\/FundacioFrancescFerrerGuardia","https:\/\/www.instagram.com\/fundacioferreriguardia\/","https:\/\/bsky.app\/profile\/ferrerguardia.bsky.socia","https:\/\/www.youtube.com\/@fundferrerguardia","https:\/\/www.linkedin.com\/company\/fundacio-ferrer-i-guardia"]},{"@type":"Person","@id":"https:\/\/activat.ferrerguardia.org\/#\/schema\/person\/2b385d89ee0022e0fe4087fdfdf2e51d","name":"adminactivat","image":{"@type":"ImageObject","inLanguage":"es","@id":"https:\/\/secure.gravatar.com\/avatar\/d5c6a1c4272f231a4228a5c3a9aad29388a3ec5fbf3a1aed75ae23c498308b83?s=96&d=mm&r=g","url":"https:\/\/secure.gravatar.com\/avatar\/d5c6a1c4272f231a4228a5c3a9aad29388a3ec5fbf3a1aed75ae23c498308b83?s=96&d=mm&r=g","contentUrl":"https:\/\/secure.gravatar.com\/avatar\/d5c6a1c4272f231a4228a5c3a9aad29388a3ec5fbf3a1aed75ae23c498308b83?s=96&d=mm&r=g","caption":"adminactivat"},"url":"https:\/\/activat.ferrerguardia.org\/es\/author\/adminactivat\/"}]}},"_links":{"self":[{"href":"https:\/\/activat.ferrerguardia.org\/es\/wp-json\/wp\/v2\/posts\/2224","targetHints":{"allow":["GET"]}}],"collection":[{"href":"https:\/\/activat.ferrerguardia.org\/es\/wp-json\/wp\/v2\/posts"}],"about":[{"href":"https:\/\/activat.ferrerguardia.org\/es\/wp-json\/wp\/v2\/types\/post"}],"author":[{"embeddable":true,"href":"https:\/\/activat.ferrerguardia.org\/es\/wp-json\/wp\/v2\/users\/3"}],"replies":[{"embeddable":true,"href":"https:\/\/activat.ferrerguardia.org\/es\/wp-json\/wp\/v2\/comments?post=2224"}],"version-history":[{"count":1,"href":"https:\/\/activat.ferrerguardia.org\/es\/wp-json\/wp\/v2\/posts\/2224\/revisions"}],"predecessor-version":[{"id":2225,"href":"https:\/\/activat.ferrerguardia.org\/es\/wp-json\/wp\/v2\/posts\/2224\/revisions\/2225"}],"wp:featuredmedia":[{"embeddable":true,"href":"https:\/\/activat.ferrerguardia.org\/es\/wp-json\/wp\/v2\/media\/2213"}],"wp:attachment":[{"href":"https:\/\/activat.ferrerguardia.org\/es\/wp-json\/wp\/v2\/media?parent=2224"}],"wp:term":[{"taxonomy":"category","embeddable":true,"href":"https:\/\/activat.ferrerguardia.org\/es\/wp-json\/wp\/v2\/categories?post=2224"},{"taxonomy":"post_tag","embeddable":true,"href":"https:\/\/activat.ferrerguardia.org\/es\/wp-json\/wp\/v2\/tags?post=2224"}],"curies":[{"name":"wp","href":"https:\/\/api.w.org\/{rel}","templated":true}]}}