{"id":2350,"date":"2022-07-15T09:41:57","date_gmt":"2022-07-15T07:41:57","guid":{"rendered":"https:\/\/activat.ferrerguardia.org\/15j-dia-mundial-habilitats-joventut-2022-2\/"},"modified":"2025-02-26T12:27:46","modified_gmt":"2025-02-26T11:27:46","slug":"15j-dia-mundial-habilitats-joventut-2022-2","status":"publish","type":"post","link":"https:\/\/activat.ferrerguardia.org\/es\/15j-dia-mundial-habilitats-joventut-2022-2\/","title":{"rendered":"15-J: D\u00eda Mundial de las Habilidades de la Juventud 2022\u00a0"},"content":{"rendered":"<p><span data-contrast=\"auto\">En el D\u00eda Mundial de las Habilidades de la Juventud queremos reivindicar la importancia de desarrollar y reconocer las competencias asociativas. A trav\u00e9s del <a href=\"\/?page_id=741\">proyecto Activa&#8217;t<\/a>, la Fundaci\u00f3n Ferrer Guardia trabaja desde hace m\u00e1s de 7 a\u00f1os en<strong> avanzar hacia la acreditaci\u00f3n de estas habilidades a partir de una herramienta propia. <\/strong><\/span><\/p>\n<p><span data-contrast=\"auto\">Esta jornada mundial llega en un contexto donde la pandemia ha afectado considerablemente las expectativas laborales de las personas j\u00f3venes. A pesar de la reducci\u00f3n del desempleo juvenil y el aumento de la contrataci\u00f3n indefinida, se manifiestan <strong>tendencias como el incremento de la desigualdad o el reto de la capacitaci\u00f3n tecnol\u00f3gica.<\/strong><\/span><\/p>\n<p><span data-contrast=\"auto\">Por este motivo, consideramos prioritario el trabajo conjunto entre el asociacionismo, la administraci\u00f3n y las empresas para aprovechar las competencias que se obtienen con la pr\u00e1ctica asociativa y que pueden resultar de gran utilidad <strong>para que las personas j\u00f3venes puedan incorporarse al mundo laboral. <\/strong><\/span><\/p>\n<p>Este reconocimiento de las <strong>competencias asociativas es una reivindicaci\u00f3n hist\u00f3rica del asociacionismo<\/strong>. Se trata de acreditar habilidades como el desarrollo de proyectos, el uso de las TIC, la resoluci\u00f3n de problemas, la efectividad personal, el trabajo en equipo, la comunicaci\u00f3n, la iniciativa y el aprender por aprender.<\/p>\n<p>&nbsp;<\/p>\n<p><iframe loading=\"lazy\" title=\"Compet\u00e8ncies associatives: com utilitzar l&#039;experi\u00e8ncia en una entitat per trobar feina?\" width=\"500\" height=\"281\" src=\"https:\/\/www.youtube.com\/embed\/zWlAPA_Ecxw?feature=oembed\" frameborder=\"0\" allow=\"accelerometer; autoplay; clipboard-write; encrypted-media; gyroscope; picture-in-picture; web-share\" referrerpolicy=\"strict-origin-when-cross-origin\" allowfullscreen><\/iframe><\/p>\n<p>&nbsp;<\/p>\n","protected":false},"excerpt":{"rendered":"<p>En el D\u00eda Mundial de las Habilidades de la Juventud queremos reivindicar la importancia de desarrollar y reconocer las competencias asociativas. A trav\u00e9s del proyecto Activa&#8217;t, la Fundaci\u00f3n Ferrer Guardia trabaja desde hace m\u00e1s de 7 a\u00f1os en avanzar hacia la acreditaci\u00f3n de estas habilidades a partir de una herramienta propia. Esta jornada mundial llega [&hellip;]<\/p>\n","protected":false},"author":3,"featured_media":2345,"comment_status":"open","ping_status":"open","sticky":false,"template":"","format":"standard","meta":{"_acf_changed":false,"footnotes":""},"categories":[4,12],"tags":[],"class_list":["post-2350","post","type-post","status-publish","format-standard","has-post-thumbnail","hentry","category-noticias","category-noticies-2"],"acf":[],"yoast_head":"<!-- This site is optimized with the Yoast SEO plugin v27.5 - https:\/\/yoast.com\/product\/yoast-seo-wordpress\/ -->\n<title>15-J: D\u00eda Mundial de las Habilidades de la Juventud 2022\u00a0 - Activa&#039;t | Participa i transforma el teu futur<\/title>\n<meta name=\"robots\" content=\"index, follow, max-snippet:-1, max-image-preview:large, max-video-preview:-1\" \/>\n<link rel=\"canonical\" href=\"https:\/\/activat.ferrerguardia.org\/15j-dia-mundial-habilitats-joventut-2022\/\" \/>\n<meta property=\"og:locale\" content=\"es_ES\" \/>\n<meta property=\"og:type\" content=\"article\" \/>\n<meta property=\"og:title\" content=\"15-J: D\u00eda Mundial de las Habilidades de la Juventud 2022\u00a0 - Activa&#039;t | Participa i transforma el teu futur\" \/>\n<meta property=\"og:description\" content=\"En el D\u00eda Mundial de las Habilidades de la Juventud queremos reivindicar la importancia de desarrollar y reconocer las competencias asociativas. A trav\u00e9s del proyecto Activa&#8217;t, la Fundaci\u00f3n Ferrer Guardia trabaja desde hace m\u00e1s de 7 a\u00f1os en avanzar hacia la acreditaci\u00f3n de estas habilidades a partir de una herramienta propia. Esta jornada mundial llega [&hellip;]\" \/>\n<meta property=\"og:url\" content=\"https:\/\/activat.ferrerguardia.org\/15j-dia-mundial-habilitats-joventut-2022\/\" \/>\n<meta property=\"og:site_name\" content=\"Activa&#039;t | Participa i transforma el teu futur\" \/>\n<meta property=\"article:publisher\" content=\"https:\/\/www.facebook.com\/FundacioFrancescFerrerGuardia\" \/>\n<meta property=\"article:published_time\" content=\"2022-07-15T07:41:57+00:00\" \/>\n<meta property=\"article:modified_time\" content=\"2025-02-26T11:27:46+00:00\" \/>\n<meta property=\"og:image\" content=\"https:\/\/activat.ferrerguardia.org\/wp-content\/uploads\/2022\/07\/FFG_15JHabilitatsJoventut2022_2.png\" \/>\n\t<meta property=\"og:image:width\" content=\"1600\" \/>\n\t<meta property=\"og:image:height\" content=\"900\" \/>\n\t<meta property=\"og:image:type\" content=\"image\/png\" \/>\n<meta name=\"author\" content=\"adminactivat\" \/>\n<meta name=\"twitter:card\" content=\"summary_large_image\" \/>\n<meta name=\"twitter:label1\" content=\"Escrito por\" \/>\n\t<meta name=\"twitter:data1\" content=\"adminactivat\" \/>\n\t<meta name=\"twitter:label2\" content=\"Tiempo de lectura\" \/>\n\t<meta name=\"twitter:data2\" content=\"1 minuto\" \/>\n<script type=\"application\/ld+json\" class=\"yoast-schema-graph\">{\"@context\":\"https:\\\/\\\/schema.org\",\"@graph\":[{\"@type\":\"Article\",\"@id\":\"https:\\\/\\\/activat.ferrerguardia.org\\\/15j-dia-mundial-habilitats-joventut-2022\\\/#article\",\"isPartOf\":{\"@id\":\"https:\\\/\\\/activat.ferrerguardia.org\\\/15j-dia-mundial-habilitats-joventut-2022\\\/\"},\"author\":{\"name\":\"adminactivat\",\"@id\":\"https:\\\/\\\/activat.ferrerguardia.org\\\/#\\\/schema\\\/person\\\/2b385d89ee0022e0fe4087fdfdf2e51d\"},\"headline\":\"15-J: D\u00eda Mundial de las Habilidades de la Juventud 2022\u00a0\",\"datePublished\":\"2022-07-15T07:41:57+00:00\",\"dateModified\":\"2025-02-26T11:27:46+00:00\",\"mainEntityOfPage\":{\"@id\":\"https:\\\/\\\/activat.ferrerguardia.org\\\/15j-dia-mundial-habilitats-joventut-2022\\\/\"},\"wordCount\":228,\"commentCount\":0,\"publisher\":{\"@id\":\"https:\\\/\\\/activat.ferrerguardia.org\\\/#organization\"},\"image\":{\"@id\":\"https:\\\/\\\/activat.ferrerguardia.org\\\/15j-dia-mundial-habilitats-joventut-2022\\\/#primaryimage\"},\"thumbnailUrl\":\"https:\\\/\\\/activat.ferrerguardia.org\\\/wp-content\\\/uploads\\\/2022\\\/07\\\/FFG_15JHabilitatsJoventut2022_2.png\",\"articleSection\":[\"Noticias\",\"Not\u00edcies\"],\"inLanguage\":\"es\"},{\"@type\":\"WebPage\",\"@id\":\"https:\\\/\\\/activat.ferrerguardia.org\\\/15j-dia-mundial-habilitats-joventut-2022\\\/\",\"url\":\"https:\\\/\\\/activat.ferrerguardia.org\\\/15j-dia-mundial-habilitats-joventut-2022\\\/\",\"name\":\"15-J: D\u00eda Mundial de las Habilidades de la Juventud 2022\u00a0 - Activa&#039;t | Participa i transforma el teu futur\",\"isPartOf\":{\"@id\":\"https:\\\/\\\/activat.ferrerguardia.org\\\/#website\"},\"primaryImageOfPage\":{\"@id\":\"https:\\\/\\\/activat.ferrerguardia.org\\\/15j-dia-mundial-habilitats-joventut-2022\\\/#primaryimage\"},\"image\":{\"@id\":\"https:\\\/\\\/activat.ferrerguardia.org\\\/15j-dia-mundial-habilitats-joventut-2022\\\/#primaryimage\"},\"thumbnailUrl\":\"https:\\\/\\\/activat.ferrerguardia.org\\\/wp-content\\\/uploads\\\/2022\\\/07\\\/FFG_15JHabilitatsJoventut2022_2.png\",\"datePublished\":\"2022-07-15T07:41:57+00:00\",\"dateModified\":\"2025-02-26T11:27:46+00:00\",\"breadcrumb\":{\"@id\":\"https:\\\/\\\/activat.ferrerguardia.org\\\/15j-dia-mundial-habilitats-joventut-2022\\\/#breadcrumb\"},\"inLanguage\":\"es\",\"potentialAction\":[{\"@type\":\"ReadAction\",\"target\":[\"https:\\\/\\\/activat.ferrerguardia.org\\\/15j-dia-mundial-habilitats-joventut-2022\\\/\"]}]},{\"@type\":\"ImageObject\",\"inLanguage\":\"es\",\"@id\":\"https:\\\/\\\/activat.ferrerguardia.org\\\/15j-dia-mundial-habilitats-joventut-2022\\\/#primaryimage\",\"url\":\"https:\\\/\\\/activat.ferrerguardia.org\\\/wp-content\\\/uploads\\\/2022\\\/07\\\/FFG_15JHabilitatsJoventut2022_2.png\",\"contentUrl\":\"https:\\\/\\\/activat.ferrerguardia.org\\\/wp-content\\\/uploads\\\/2022\\\/07\\\/FFG_15JHabilitatsJoventut2022_2.png\",\"width\":1600,\"height\":900},{\"@type\":\"BreadcrumbList\",\"@id\":\"https:\\\/\\\/activat.ferrerguardia.org\\\/15j-dia-mundial-habilitats-joventut-2022\\\/#breadcrumb\",\"itemListElement\":[{\"@type\":\"ListItem\",\"position\":1,\"name\":\"Inici\",\"item\":\"https:\\\/\\\/activat.ferrerguardia.org\\\/\"},{\"@type\":\"ListItem\",\"position\":2,\"name\":\"15-J: D\u00eda Mundial de las Habilidades de la Juventud 2022\u00a0\"}]},{\"@type\":\"WebSite\",\"@id\":\"https:\\\/\\\/activat.ferrerguardia.org\\\/#website\",\"url\":\"https:\\\/\\\/activat.ferrerguardia.org\\\/\",\"name\":\"activat.ferrerguardia.org\",\"description\":\"Un programa que converteix la participaci\u00f3 associativa en experi\u00e8ncies que amplien les teves oportunitats laborals\",\"publisher\":{\"@id\":\"https:\\\/\\\/activat.ferrerguardia.org\\\/#organization\"},\"potentialAction\":[{\"@type\":\"SearchAction\",\"target\":{\"@type\":\"EntryPoint\",\"urlTemplate\":\"https:\\\/\\\/activat.ferrerguardia.org\\\/?s={search_term_string}\"},\"query-input\":{\"@type\":\"PropertyValueSpecification\",\"valueRequired\":true,\"valueName\":\"search_term_string\"}}],\"inLanguage\":\"es\"},{\"@type\":\"Organization\",\"@id\":\"https:\\\/\\\/activat.ferrerguardia.org\\\/#organization\",\"name\":\"activat.ferrerguardia.org\",\"url\":\"https:\\\/\\\/activat.ferrerguardia.org\\\/\",\"logo\":{\"@type\":\"ImageObject\",\"inLanguage\":\"es\",\"@id\":\"https:\\\/\\\/activat.ferrerguardia.org\\\/#\\\/schema\\\/logo\\\/image\\\/\",\"url\":\"https:\\\/\\\/activat.ferrerguardia.org\\\/wp-content\\\/uploads\\\/2025\\\/04\\\/Logo-activat.svg\",\"contentUrl\":\"https:\\\/\\\/activat.ferrerguardia.org\\\/wp-content\\\/uploads\\\/2025\\\/04\\\/Logo-activat.svg\",\"caption\":\"activat.ferrerguardia.org\"},\"image\":{\"@id\":\"https:\\\/\\\/activat.ferrerguardia.org\\\/#\\\/schema\\\/logo\\\/image\\\/\"},\"sameAs\":[\"https:\\\/\\\/www.facebook.com\\\/FundacioFrancescFerrerGuardia\",\"https:\\\/\\\/www.instagram.com\\\/fundacioferreriguardia\\\/\",\"https:\\\/\\\/bsky.app\\\/profile\\\/ferrerguardia.bsky.socia\",\"https:\\\/\\\/www.youtube.com\\\/@fundferrerguardia\",\"https:\\\/\\\/www.linkedin.com\\\/company\\\/fundacio-ferrer-i-guardia\"]},{\"@type\":\"Person\",\"@id\":\"https:\\\/\\\/activat.ferrerguardia.org\\\/#\\\/schema\\\/person\\\/2b385d89ee0022e0fe4087fdfdf2e51d\",\"name\":\"adminactivat\",\"image\":{\"@type\":\"ImageObject\",\"inLanguage\":\"es\",\"@id\":\"https:\\\/\\\/secure.gravatar.com\\\/avatar\\\/d5c6a1c4272f231a4228a5c3a9aad29388a3ec5fbf3a1aed75ae23c498308b83?s=96&d=mm&r=g\",\"url\":\"https:\\\/\\\/secure.gravatar.com\\\/avatar\\\/d5c6a1c4272f231a4228a5c3a9aad29388a3ec5fbf3a1aed75ae23c498308b83?s=96&d=mm&r=g\",\"contentUrl\":\"https:\\\/\\\/secure.gravatar.com\\\/avatar\\\/d5c6a1c4272f231a4228a5c3a9aad29388a3ec5fbf3a1aed75ae23c498308b83?s=96&d=mm&r=g\",\"caption\":\"adminactivat\"},\"url\":\"https:\\\/\\\/activat.ferrerguardia.org\\\/es\\\/author\\\/adminactivat\\\/\"}]}<\/script>\n<!-- \/ Yoast SEO plugin. -->","yoast_head_json":{"title":"15-J: D\u00eda Mundial de las Habilidades de la Juventud 2022\u00a0 - Activa&#039;t | Participa i transforma el teu futur","robots":{"index":"index","follow":"follow","max-snippet":"max-snippet:-1","max-image-preview":"max-image-preview:large","max-video-preview":"max-video-preview:-1"},"canonical":"https:\/\/activat.ferrerguardia.org\/15j-dia-mundial-habilitats-joventut-2022\/","og_locale":"es_ES","og_type":"article","og_title":"15-J: D\u00eda Mundial de las Habilidades de la Juventud 2022\u00a0 - Activa&#039;t | Participa i transforma el teu futur","og_description":"En el D\u00eda Mundial de las Habilidades de la Juventud queremos reivindicar la importancia de desarrollar y reconocer las competencias asociativas. A trav\u00e9s del proyecto Activa&#8217;t, la Fundaci\u00f3n Ferrer Guardia trabaja desde hace m\u00e1s de 7 a\u00f1os en avanzar hacia la acreditaci\u00f3n de estas habilidades a partir de una herramienta propia. Esta jornada mundial llega [&hellip;]","og_url":"https:\/\/activat.ferrerguardia.org\/15j-dia-mundial-habilitats-joventut-2022\/","og_site_name":"Activa&#039;t | Participa i transforma el teu futur","article_publisher":"https:\/\/www.facebook.com\/FundacioFrancescFerrerGuardia","article_published_time":"2022-07-15T07:41:57+00:00","article_modified_time":"2025-02-26T11:27:46+00:00","og_image":[{"width":1600,"height":900,"url":"https:\/\/activat.ferrerguardia.org\/wp-content\/uploads\/2022\/07\/FFG_15JHabilitatsJoventut2022_2.png","type":"image\/png"}],"author":"adminactivat","twitter_card":"summary_large_image","twitter_misc":{"Escrito por":"adminactivat","Tiempo de lectura":"1 minuto"},"schema":{"@context":"https:\/\/schema.org","@graph":[{"@type":"Article","@id":"https:\/\/activat.ferrerguardia.org\/15j-dia-mundial-habilitats-joventut-2022\/#article","isPartOf":{"@id":"https:\/\/activat.ferrerguardia.org\/15j-dia-mundial-habilitats-joventut-2022\/"},"author":{"name":"adminactivat","@id":"https:\/\/activat.ferrerguardia.org\/#\/schema\/person\/2b385d89ee0022e0fe4087fdfdf2e51d"},"headline":"15-J: D\u00eda Mundial de las Habilidades de la Juventud 2022\u00a0","datePublished":"2022-07-15T07:41:57+00:00","dateModified":"2025-02-26T11:27:46+00:00","mainEntityOfPage":{"@id":"https:\/\/activat.ferrerguardia.org\/15j-dia-mundial-habilitats-joventut-2022\/"},"wordCount":228,"commentCount":0,"publisher":{"@id":"https:\/\/activat.ferrerguardia.org\/#organization"},"image":{"@id":"https:\/\/activat.ferrerguardia.org\/15j-dia-mundial-habilitats-joventut-2022\/#primaryimage"},"thumbnailUrl":"https:\/\/activat.ferrerguardia.org\/wp-content\/uploads\/2022\/07\/FFG_15JHabilitatsJoventut2022_2.png","articleSection":["Noticias","Not\u00edcies"],"inLanguage":"es"},{"@type":"WebPage","@id":"https:\/\/activat.ferrerguardia.org\/15j-dia-mundial-habilitats-joventut-2022\/","url":"https:\/\/activat.ferrerguardia.org\/15j-dia-mundial-habilitats-joventut-2022\/","name":"15-J: D\u00eda Mundial de las Habilidades de la Juventud 2022\u00a0 - Activa&#039;t | Participa i transforma el teu futur","isPartOf":{"@id":"https:\/\/activat.ferrerguardia.org\/#website"},"primaryImageOfPage":{"@id":"https:\/\/activat.ferrerguardia.org\/15j-dia-mundial-habilitats-joventut-2022\/#primaryimage"},"image":{"@id":"https:\/\/activat.ferrerguardia.org\/15j-dia-mundial-habilitats-joventut-2022\/#primaryimage"},"thumbnailUrl":"https:\/\/activat.ferrerguardia.org\/wp-content\/uploads\/2022\/07\/FFG_15JHabilitatsJoventut2022_2.png","datePublished":"2022-07-15T07:41:57+00:00","dateModified":"2025-02-26T11:27:46+00:00","breadcrumb":{"@id":"https:\/\/activat.ferrerguardia.org\/15j-dia-mundial-habilitats-joventut-2022\/#breadcrumb"},"inLanguage":"es","potentialAction":[{"@type":"ReadAction","target":["https:\/\/activat.ferrerguardia.org\/15j-dia-mundial-habilitats-joventut-2022\/"]}]},{"@type":"ImageObject","inLanguage":"es","@id":"https:\/\/activat.ferrerguardia.org\/15j-dia-mundial-habilitats-joventut-2022\/#primaryimage","url":"https:\/\/activat.ferrerguardia.org\/wp-content\/uploads\/2022\/07\/FFG_15JHabilitatsJoventut2022_2.png","contentUrl":"https:\/\/activat.ferrerguardia.org\/wp-content\/uploads\/2022\/07\/FFG_15JHabilitatsJoventut2022_2.png","width":1600,"height":900},{"@type":"BreadcrumbList","@id":"https:\/\/activat.ferrerguardia.org\/15j-dia-mundial-habilitats-joventut-2022\/#breadcrumb","itemListElement":[{"@type":"ListItem","position":1,"name":"Inici","item":"https:\/\/activat.ferrerguardia.org\/"},{"@type":"ListItem","position":2,"name":"15-J: D\u00eda Mundial de las Habilidades de la Juventud 2022\u00a0"}]},{"@type":"WebSite","@id":"https:\/\/activat.ferrerguardia.org\/#website","url":"https:\/\/activat.ferrerguardia.org\/","name":"activat.ferrerguardia.org","description":"Un programa que converteix la participaci\u00f3 associativa en experi\u00e8ncies que amplien les teves oportunitats laborals","publisher":{"@id":"https:\/\/activat.ferrerguardia.org\/#organization"},"potentialAction":[{"@type":"SearchAction","target":{"@type":"EntryPoint","urlTemplate":"https:\/\/activat.ferrerguardia.org\/?s={search_term_string}"},"query-input":{"@type":"PropertyValueSpecification","valueRequired":true,"valueName":"search_term_string"}}],"inLanguage":"es"},{"@type":"Organization","@id":"https:\/\/activat.ferrerguardia.org\/#organization","name":"activat.ferrerguardia.org","url":"https:\/\/activat.ferrerguardia.org\/","logo":{"@type":"ImageObject","inLanguage":"es","@id":"https:\/\/activat.ferrerguardia.org\/#\/schema\/logo\/image\/","url":"https:\/\/activat.ferrerguardia.org\/wp-content\/uploads\/2025\/04\/Logo-activat.svg","contentUrl":"https:\/\/activat.ferrerguardia.org\/wp-content\/uploads\/2025\/04\/Logo-activat.svg","caption":"activat.ferrerguardia.org"},"image":{"@id":"https:\/\/activat.ferrerguardia.org\/#\/schema\/logo\/image\/"},"sameAs":["https:\/\/www.facebook.com\/FundacioFrancescFerrerGuardia","https:\/\/www.instagram.com\/fundacioferreriguardia\/","https:\/\/bsky.app\/profile\/ferrerguardia.bsky.socia","https:\/\/www.youtube.com\/@fundferrerguardia","https:\/\/www.linkedin.com\/company\/fundacio-ferrer-i-guardia"]},{"@type":"Person","@id":"https:\/\/activat.ferrerguardia.org\/#\/schema\/person\/2b385d89ee0022e0fe4087fdfdf2e51d","name":"adminactivat","image":{"@type":"ImageObject","inLanguage":"es","@id":"https:\/\/secure.gravatar.com\/avatar\/d5c6a1c4272f231a4228a5c3a9aad29388a3ec5fbf3a1aed75ae23c498308b83?s=96&d=mm&r=g","url":"https:\/\/secure.gravatar.com\/avatar\/d5c6a1c4272f231a4228a5c3a9aad29388a3ec5fbf3a1aed75ae23c498308b83?s=96&d=mm&r=g","contentUrl":"https:\/\/secure.gravatar.com\/avatar\/d5c6a1c4272f231a4228a5c3a9aad29388a3ec5fbf3a1aed75ae23c498308b83?s=96&d=mm&r=g","caption":"adminactivat"},"url":"https:\/\/activat.ferrerguardia.org\/es\/author\/adminactivat\/"}]}},"_links":{"self":[{"href":"https:\/\/activat.ferrerguardia.org\/es\/wp-json\/wp\/v2\/posts\/2350","targetHints":{"allow":["GET"]}}],"collection":[{"href":"https:\/\/activat.ferrerguardia.org\/es\/wp-json\/wp\/v2\/posts"}],"about":[{"href":"https:\/\/activat.ferrerguardia.org\/es\/wp-json\/wp\/v2\/types\/post"}],"author":[{"embeddable":true,"href":"https:\/\/activat.ferrerguardia.org\/es\/wp-json\/wp\/v2\/users\/3"}],"replies":[{"embeddable":true,"href":"https:\/\/activat.ferrerguardia.org\/es\/wp-json\/wp\/v2\/comments?post=2350"}],"version-history":[{"count":1,"href":"https:\/\/activat.ferrerguardia.org\/es\/wp-json\/wp\/v2\/posts\/2350\/revisions"}],"predecessor-version":[{"id":2351,"href":"https:\/\/activat.ferrerguardia.org\/es\/wp-json\/wp\/v2\/posts\/2350\/revisions\/2351"}],"wp:featuredmedia":[{"embeddable":true,"href":"https:\/\/activat.ferrerguardia.org\/es\/wp-json\/wp\/v2\/media\/2345"}],"wp:attachment":[{"href":"https:\/\/activat.ferrerguardia.org\/es\/wp-json\/wp\/v2\/media?parent=2350"}],"wp:term":[{"taxonomy":"category","embeddable":true,"href":"https:\/\/activat.ferrerguardia.org\/es\/wp-json\/wp\/v2\/categories?post=2350"},{"taxonomy":"post_tag","embeddable":true,"href":"https:\/\/activat.ferrerguardia.org\/es\/wp-json\/wp\/v2\/tags?post=2350"}],"curies":[{"name":"wp","href":"https:\/\/api.w.org\/{rel}","templated":true}]}}