{"id":2356,"date":"2022-10-04T15:19:31","date_gmt":"2022-10-04T13:19:31","guid":{"rendered":"https:\/\/activat.ferrerguardia.org\/participants-activat-joves-referents-estades-entitats-2\/"},"modified":"2025-02-26T12:27:46","modified_gmt":"2025-02-26T11:27:46","slug":"participants-activat-joves-referents-estades-entitats-2","status":"publish","type":"post","link":"https:\/\/activat.ferrerguardia.org\/es\/participants-activat-joves-referents-estades-entitats-2\/","title":{"rendered":"Las participantes de Act\u00edvate &#8211; J\u00f3venes Referentes inician las estancias en entidades despu\u00e9s de completar los cursos de formaci\u00f3n"},"content":{"rendered":"<p><span data-contrast=\"auto\">Las personas participantes del proyecto Act\u00edvate &#8211; J\u00f3venes Referentes<\/span><b><span data-contrast=\"auto\"> han comenzado este trimestre las estancias en esplais y grupos de escultismo<\/span><\/b><span data-contrast=\"auto\">. El pasado 30 de septiembre y 1 de octubre se mantuvieron encuentros con los y las j\u00f3venes para valorar su paso por los cursos de formaci\u00f3n y acompa\u00f1arlos en su vinculaci\u00f3n con las entidades de acogida. <\/span><span data-ccp-props=\"{&quot;201341983&quot;:0,&quot;335559739&quot;:160,&quot;335559740&quot;:259}\">\u00a0<\/span><\/p>\n<p><span data-contrast=\"auto\">Previamente, <\/span><b><span data-contrast=\"auto\">las participantes realizaron seis cursos<\/span><\/b><span data-contrast=\"auto\"> de monitor\/a de ocio educativo en formato residencial o semi-residencial. Impartidos por la Escola Lliure El Sol, los cursos les permiten formar parte del equipo t\u00e9cnico de las organizaciones de acogida pertenecientes a Acci\u00f3 Escolta y Esplais Catalans. <\/span><span data-ccp-props=\"{&quot;201341983&quot;:0,&quot;335559739&quot;:160,&quot;335559740&quot;:259}\">\u00a0<\/span><\/p>\n<h3><b><span data-contrast=\"auto\">Convertirse en referentes para personas de or\u00edgenes diversos <\/span><\/b><span data-ccp-props=\"{&quot;201341983&quot;:0,&quot;335559739&quot;:160,&quot;335559740&quot;:259}\">\u00a0<\/span><\/h3>\n<p><span data-contrast=\"auto\">Act\u00edvate &#8211; J\u00f3venes Referentes es un proyecto que busca la integraci\u00f3n de personas j\u00f3venes de or\u00edgenes diversos en entidades de educaci\u00f3n popular. El objetivo es que estas personas se conviertan en referentes para ni\u00f1os, ni\u00f1as y j\u00f3venes, y as\u00ed <\/span><b><span data-contrast=\"auto\">promover la diversidad en el asociacionismo<\/span><\/b><span data-contrast=\"auto\"> al mismo tiempo que se impulsa su ocupabilidad a partir de la adquisici\u00f3n de competencias asociativas. <\/span><span data-ccp-props=\"{&quot;201341983&quot;:0,&quot;335559739&quot;:160,&quot;335559740&quot;:259}\">\u00a0<\/span><\/p>\n<p><span data-contrast=\"auto\">En esta tercera edici\u00f3n de Act\u00edvate &#8211; J\u00f3venes Referentes colaboran <\/span><b><span data-contrast=\"auto\">organizaciones que trabajan con j\u00f3venes de or\u00edgenes diversos<\/span><\/b><span data-contrast=\"auto\">: \u00a0Associaci\u00f3 Esportiva Ciutat Vella, AFEV, Nous Cims, Iniciatives Solid\u00e0ries, Fundaci\u00f3 ADSIS i Fundaci\u00f3 Interm\u00e8dia.<\/span><span data-ccp-props=\"{&quot;201341983&quot;:0,&quot;335559739&quot;:160,&quot;335559740&quot;:259}\">\u00a0<\/span><\/p>\n<p><span data-ccp-props=\"{&quot;201341983&quot;:0,&quot;335559739&quot;:160,&quot;335559740&quot;:259}\">\u00a0<\/span><\/p>\n","protected":false},"excerpt":{"rendered":"<p>Las personas participantes del proyecto Act\u00edvate &#8211; J\u00f3venes Referentes han comenzado este trimestre las estancias en esplais y grupos de escultismo. El pasado 30 de septiembre y 1 de octubre se mantuvieron encuentros con los y las j\u00f3venes para valorar su paso por los cursos de formaci\u00f3n y acompa\u00f1arlos en su vinculaci\u00f3n con las entidades [&hellip;]<\/p>\n","protected":false},"author":3,"featured_media":2353,"comment_status":"open","ping_status":"open","sticky":false,"template":"","format":"standard","meta":{"_acf_changed":false,"footnotes":""},"categories":[4,12],"tags":[],"class_list":["post-2356","post","type-post","status-publish","format-standard","has-post-thumbnail","hentry","category-noticias","category-noticies-2"],"acf":[],"yoast_head":"<!-- This site is optimized with the Yoast SEO plugin v27.5 - https:\/\/yoast.com\/product\/yoast-seo-wordpress\/ -->\n<title>Las participantes de Act\u00edvate - J\u00f3venes Referentes inician las estancias en entidades despu\u00e9s de completar los cursos de formaci\u00f3n - Activa&#039;t | Participa i transforma el teu futur<\/title>\n<meta name=\"robots\" content=\"index, follow, max-snippet:-1, max-image-preview:large, max-video-preview:-1\" \/>\n<link rel=\"canonical\" href=\"https:\/\/activat.ferrerguardia.org\/participants-activat-joves-referents-estades-entitats\/\" \/>\n<meta property=\"og:locale\" content=\"es_ES\" \/>\n<meta property=\"og:type\" content=\"article\" \/>\n<meta property=\"og:title\" content=\"Las participantes de Act\u00edvate - J\u00f3venes Referentes inician las estancias en entidades despu\u00e9s de completar los cursos de formaci\u00f3n - Activa&#039;t | Participa i transforma el teu futur\" \/>\n<meta property=\"og:description\" content=\"Las personas participantes del proyecto Act\u00edvate &#8211; J\u00f3venes Referentes han comenzado este trimestre las estancias en esplais y grupos de escultismo. El pasado 30 de septiembre y 1 de octubre se mantuvieron encuentros con los y las j\u00f3venes para valorar su paso por los cursos de formaci\u00f3n y acompa\u00f1arlos en su vinculaci\u00f3n con las entidades [&hellip;]\" \/>\n<meta property=\"og:url\" content=\"https:\/\/activat.ferrerguardia.org\/participants-activat-joves-referents-estades-entitats\/\" \/>\n<meta property=\"og:site_name\" content=\"Activa&#039;t | Participa i transforma el teu futur\" \/>\n<meta property=\"article:publisher\" content=\"https:\/\/www.facebook.com\/FundacioFrancescFerrerGuardia\" \/>\n<meta property=\"article:published_time\" content=\"2022-10-04T13:19:31+00:00\" \/>\n<meta property=\"article:modified_time\" content=\"2025-02-26T11:27:46+00:00\" \/>\n<meta property=\"og:image\" content=\"https:\/\/activat.ferrerguardia.org\/wp-content\/uploads\/2022\/10\/FFG_CursosFormacioJovesReferents.jpg\" \/>\n\t<meta property=\"og:image:width\" content=\"1920\" \/>\n\t<meta property=\"og:image:height\" content=\"1440\" \/>\n\t<meta property=\"og:image:type\" content=\"image\/jpeg\" \/>\n<meta name=\"author\" content=\"adminactivat\" \/>\n<meta name=\"twitter:card\" content=\"summary_large_image\" \/>\n<meta name=\"twitter:label1\" content=\"Escrito por\" \/>\n\t<meta name=\"twitter:data1\" content=\"adminactivat\" \/>\n\t<meta name=\"twitter:label2\" content=\"Tiempo de lectura\" \/>\n\t<meta name=\"twitter:data2\" content=\"1 minuto\" \/>\n<script type=\"application\/ld+json\" class=\"yoast-schema-graph\">{\"@context\":\"https:\\\/\\\/schema.org\",\"@graph\":[{\"@type\":\"Article\",\"@id\":\"https:\\\/\\\/activat.ferrerguardia.org\\\/participants-activat-joves-referents-estades-entitats\\\/#article\",\"isPartOf\":{\"@id\":\"https:\\\/\\\/activat.ferrerguardia.org\\\/participants-activat-joves-referents-estades-entitats\\\/\"},\"author\":{\"name\":\"adminactivat\",\"@id\":\"https:\\\/\\\/activat.ferrerguardia.org\\\/#\\\/schema\\\/person\\\/2b385d89ee0022e0fe4087fdfdf2e51d\"},\"headline\":\"Las participantes de Act\u00edvate &#8211; J\u00f3venes Referentes inician las estancias en entidades despu\u00e9s de completar los cursos de formaci\u00f3n\",\"datePublished\":\"2022-10-04T13:19:31+00:00\",\"dateModified\":\"2025-02-26T11:27:46+00:00\",\"mainEntityOfPage\":{\"@id\":\"https:\\\/\\\/activat.ferrerguardia.org\\\/participants-activat-joves-referents-estades-entitats\\\/\"},\"wordCount\":249,\"commentCount\":0,\"publisher\":{\"@id\":\"https:\\\/\\\/activat.ferrerguardia.org\\\/#organization\"},\"image\":{\"@id\":\"https:\\\/\\\/activat.ferrerguardia.org\\\/participants-activat-joves-referents-estades-entitats\\\/#primaryimage\"},\"thumbnailUrl\":\"https:\\\/\\\/activat.ferrerguardia.org\\\/wp-content\\\/uploads\\\/2022\\\/10\\\/FFG_CursosFormacioJovesReferents.jpg\",\"articleSection\":[\"Noticias\",\"Not\u00edcies\"],\"inLanguage\":\"es\"},{\"@type\":\"WebPage\",\"@id\":\"https:\\\/\\\/activat.ferrerguardia.org\\\/participants-activat-joves-referents-estades-entitats\\\/\",\"url\":\"https:\\\/\\\/activat.ferrerguardia.org\\\/participants-activat-joves-referents-estades-entitats\\\/\",\"name\":\"Las participantes de Act\u00edvate - J\u00f3venes Referentes inician las estancias en entidades despu\u00e9s de completar los cursos de formaci\u00f3n - Activa&#039;t | Participa i transforma el teu futur\",\"isPartOf\":{\"@id\":\"https:\\\/\\\/activat.ferrerguardia.org\\\/#website\"},\"primaryImageOfPage\":{\"@id\":\"https:\\\/\\\/activat.ferrerguardia.org\\\/participants-activat-joves-referents-estades-entitats\\\/#primaryimage\"},\"image\":{\"@id\":\"https:\\\/\\\/activat.ferrerguardia.org\\\/participants-activat-joves-referents-estades-entitats\\\/#primaryimage\"},\"thumbnailUrl\":\"https:\\\/\\\/activat.ferrerguardia.org\\\/wp-content\\\/uploads\\\/2022\\\/10\\\/FFG_CursosFormacioJovesReferents.jpg\",\"datePublished\":\"2022-10-04T13:19:31+00:00\",\"dateModified\":\"2025-02-26T11:27:46+00:00\",\"breadcrumb\":{\"@id\":\"https:\\\/\\\/activat.ferrerguardia.org\\\/participants-activat-joves-referents-estades-entitats\\\/#breadcrumb\"},\"inLanguage\":\"es\",\"potentialAction\":[{\"@type\":\"ReadAction\",\"target\":[\"https:\\\/\\\/activat.ferrerguardia.org\\\/participants-activat-joves-referents-estades-entitats\\\/\"]}]},{\"@type\":\"ImageObject\",\"inLanguage\":\"es\",\"@id\":\"https:\\\/\\\/activat.ferrerguardia.org\\\/participants-activat-joves-referents-estades-entitats\\\/#primaryimage\",\"url\":\"https:\\\/\\\/activat.ferrerguardia.org\\\/wp-content\\\/uploads\\\/2022\\\/10\\\/FFG_CursosFormacioJovesReferents.jpg\",\"contentUrl\":\"https:\\\/\\\/activat.ferrerguardia.org\\\/wp-content\\\/uploads\\\/2022\\\/10\\\/FFG_CursosFormacioJovesReferents.jpg\",\"width\":1920,\"height\":1440,\"caption\":\"xr:d:DAEdEGratFg:462,j:37076391556,t:22100415\"},{\"@type\":\"BreadcrumbList\",\"@id\":\"https:\\\/\\\/activat.ferrerguardia.org\\\/participants-activat-joves-referents-estades-entitats\\\/#breadcrumb\",\"itemListElement\":[{\"@type\":\"ListItem\",\"position\":1,\"name\":\"Inici\",\"item\":\"https:\\\/\\\/activat.ferrerguardia.org\\\/\"},{\"@type\":\"ListItem\",\"position\":2,\"name\":\"Las participantes de Act\u00edvate &#8211; J\u00f3venes Referentes inician las estancias en entidades despu\u00e9s de completar los cursos de formaci\u00f3n\"}]},{\"@type\":\"WebSite\",\"@id\":\"https:\\\/\\\/activat.ferrerguardia.org\\\/#website\",\"url\":\"https:\\\/\\\/activat.ferrerguardia.org\\\/\",\"name\":\"activat.ferrerguardia.org\",\"description\":\"Un programa que converteix la participaci\u00f3 associativa en experi\u00e8ncies que amplien les teves oportunitats laborals\",\"publisher\":{\"@id\":\"https:\\\/\\\/activat.ferrerguardia.org\\\/#organization\"},\"potentialAction\":[{\"@type\":\"SearchAction\",\"target\":{\"@type\":\"EntryPoint\",\"urlTemplate\":\"https:\\\/\\\/activat.ferrerguardia.org\\\/?s={search_term_string}\"},\"query-input\":{\"@type\":\"PropertyValueSpecification\",\"valueRequired\":true,\"valueName\":\"search_term_string\"}}],\"inLanguage\":\"es\"},{\"@type\":\"Organization\",\"@id\":\"https:\\\/\\\/activat.ferrerguardia.org\\\/#organization\",\"name\":\"activat.ferrerguardia.org\",\"url\":\"https:\\\/\\\/activat.ferrerguardia.org\\\/\",\"logo\":{\"@type\":\"ImageObject\",\"inLanguage\":\"es\",\"@id\":\"https:\\\/\\\/activat.ferrerguardia.org\\\/#\\\/schema\\\/logo\\\/image\\\/\",\"url\":\"https:\\\/\\\/activat.ferrerguardia.org\\\/wp-content\\\/uploads\\\/2025\\\/04\\\/Logo-activat.svg\",\"contentUrl\":\"https:\\\/\\\/activat.ferrerguardia.org\\\/wp-content\\\/uploads\\\/2025\\\/04\\\/Logo-activat.svg\",\"caption\":\"activat.ferrerguardia.org\"},\"image\":{\"@id\":\"https:\\\/\\\/activat.ferrerguardia.org\\\/#\\\/schema\\\/logo\\\/image\\\/\"},\"sameAs\":[\"https:\\\/\\\/www.facebook.com\\\/FundacioFrancescFerrerGuardia\",\"https:\\\/\\\/www.instagram.com\\\/fundacioferreriguardia\\\/\",\"https:\\\/\\\/bsky.app\\\/profile\\\/ferrerguardia.bsky.socia\",\"https:\\\/\\\/www.youtube.com\\\/@fundferrerguardia\",\"https:\\\/\\\/www.linkedin.com\\\/company\\\/fundacio-ferrer-i-guardia\"]},{\"@type\":\"Person\",\"@id\":\"https:\\\/\\\/activat.ferrerguardia.org\\\/#\\\/schema\\\/person\\\/2b385d89ee0022e0fe4087fdfdf2e51d\",\"name\":\"adminactivat\",\"image\":{\"@type\":\"ImageObject\",\"inLanguage\":\"es\",\"@id\":\"https:\\\/\\\/secure.gravatar.com\\\/avatar\\\/d5c6a1c4272f231a4228a5c3a9aad29388a3ec5fbf3a1aed75ae23c498308b83?s=96&d=mm&r=g\",\"url\":\"https:\\\/\\\/secure.gravatar.com\\\/avatar\\\/d5c6a1c4272f231a4228a5c3a9aad29388a3ec5fbf3a1aed75ae23c498308b83?s=96&d=mm&r=g\",\"contentUrl\":\"https:\\\/\\\/secure.gravatar.com\\\/avatar\\\/d5c6a1c4272f231a4228a5c3a9aad29388a3ec5fbf3a1aed75ae23c498308b83?s=96&d=mm&r=g\",\"caption\":\"adminactivat\"},\"url\":\"https:\\\/\\\/activat.ferrerguardia.org\\\/es\\\/author\\\/adminactivat\\\/\"}]}<\/script>\n<!-- \/ Yoast SEO plugin. -->","yoast_head_json":{"title":"Las participantes de Act\u00edvate - J\u00f3venes Referentes inician las estancias en entidades despu\u00e9s de completar los cursos de formaci\u00f3n - Activa&#039;t | Participa i transforma el teu futur","robots":{"index":"index","follow":"follow","max-snippet":"max-snippet:-1","max-image-preview":"max-image-preview:large","max-video-preview":"max-video-preview:-1"},"canonical":"https:\/\/activat.ferrerguardia.org\/participants-activat-joves-referents-estades-entitats\/","og_locale":"es_ES","og_type":"article","og_title":"Las participantes de Act\u00edvate - J\u00f3venes Referentes inician las estancias en entidades despu\u00e9s de completar los cursos de formaci\u00f3n - Activa&#039;t | Participa i transforma el teu futur","og_description":"Las personas participantes del proyecto Act\u00edvate &#8211; J\u00f3venes Referentes han comenzado este trimestre las estancias en esplais y grupos de escultismo. El pasado 30 de septiembre y 1 de octubre se mantuvieron encuentros con los y las j\u00f3venes para valorar su paso por los cursos de formaci\u00f3n y acompa\u00f1arlos en su vinculaci\u00f3n con las entidades [&hellip;]","og_url":"https:\/\/activat.ferrerguardia.org\/participants-activat-joves-referents-estades-entitats\/","og_site_name":"Activa&#039;t | Participa i transforma el teu futur","article_publisher":"https:\/\/www.facebook.com\/FundacioFrancescFerrerGuardia","article_published_time":"2022-10-04T13:19:31+00:00","article_modified_time":"2025-02-26T11:27:46+00:00","og_image":[{"width":1920,"height":1440,"url":"https:\/\/activat.ferrerguardia.org\/wp-content\/uploads\/2022\/10\/FFG_CursosFormacioJovesReferents.jpg","type":"image\/jpeg"}],"author":"adminactivat","twitter_card":"summary_large_image","twitter_misc":{"Escrito por":"adminactivat","Tiempo de lectura":"1 minuto"},"schema":{"@context":"https:\/\/schema.org","@graph":[{"@type":"Article","@id":"https:\/\/activat.ferrerguardia.org\/participants-activat-joves-referents-estades-entitats\/#article","isPartOf":{"@id":"https:\/\/activat.ferrerguardia.org\/participants-activat-joves-referents-estades-entitats\/"},"author":{"name":"adminactivat","@id":"https:\/\/activat.ferrerguardia.org\/#\/schema\/person\/2b385d89ee0022e0fe4087fdfdf2e51d"},"headline":"Las participantes de Act\u00edvate &#8211; J\u00f3venes Referentes inician las estancias en entidades despu\u00e9s de completar los cursos de formaci\u00f3n","datePublished":"2022-10-04T13:19:31+00:00","dateModified":"2025-02-26T11:27:46+00:00","mainEntityOfPage":{"@id":"https:\/\/activat.ferrerguardia.org\/participants-activat-joves-referents-estades-entitats\/"},"wordCount":249,"commentCount":0,"publisher":{"@id":"https:\/\/activat.ferrerguardia.org\/#organization"},"image":{"@id":"https:\/\/activat.ferrerguardia.org\/participants-activat-joves-referents-estades-entitats\/#primaryimage"},"thumbnailUrl":"https:\/\/activat.ferrerguardia.org\/wp-content\/uploads\/2022\/10\/FFG_CursosFormacioJovesReferents.jpg","articleSection":["Noticias","Not\u00edcies"],"inLanguage":"es"},{"@type":"WebPage","@id":"https:\/\/activat.ferrerguardia.org\/participants-activat-joves-referents-estades-entitats\/","url":"https:\/\/activat.ferrerguardia.org\/participants-activat-joves-referents-estades-entitats\/","name":"Las participantes de Act\u00edvate - J\u00f3venes Referentes inician las estancias en entidades despu\u00e9s de completar los cursos de formaci\u00f3n - Activa&#039;t | Participa i transforma el teu futur","isPartOf":{"@id":"https:\/\/activat.ferrerguardia.org\/#website"},"primaryImageOfPage":{"@id":"https:\/\/activat.ferrerguardia.org\/participants-activat-joves-referents-estades-entitats\/#primaryimage"},"image":{"@id":"https:\/\/activat.ferrerguardia.org\/participants-activat-joves-referents-estades-entitats\/#primaryimage"},"thumbnailUrl":"https:\/\/activat.ferrerguardia.org\/wp-content\/uploads\/2022\/10\/FFG_CursosFormacioJovesReferents.jpg","datePublished":"2022-10-04T13:19:31+00:00","dateModified":"2025-02-26T11:27:46+00:00","breadcrumb":{"@id":"https:\/\/activat.ferrerguardia.org\/participants-activat-joves-referents-estades-entitats\/#breadcrumb"},"inLanguage":"es","potentialAction":[{"@type":"ReadAction","target":["https:\/\/activat.ferrerguardia.org\/participants-activat-joves-referents-estades-entitats\/"]}]},{"@type":"ImageObject","inLanguage":"es","@id":"https:\/\/activat.ferrerguardia.org\/participants-activat-joves-referents-estades-entitats\/#primaryimage","url":"https:\/\/activat.ferrerguardia.org\/wp-content\/uploads\/2022\/10\/FFG_CursosFormacioJovesReferents.jpg","contentUrl":"https:\/\/activat.ferrerguardia.org\/wp-content\/uploads\/2022\/10\/FFG_CursosFormacioJovesReferents.jpg","width":1920,"height":1440,"caption":"xr:d:DAEdEGratFg:462,j:37076391556,t:22100415"},{"@type":"BreadcrumbList","@id":"https:\/\/activat.ferrerguardia.org\/participants-activat-joves-referents-estades-entitats\/#breadcrumb","itemListElement":[{"@type":"ListItem","position":1,"name":"Inici","item":"https:\/\/activat.ferrerguardia.org\/"},{"@type":"ListItem","position":2,"name":"Las participantes de Act\u00edvate &#8211; J\u00f3venes Referentes inician las estancias en entidades despu\u00e9s de completar los cursos de formaci\u00f3n"}]},{"@type":"WebSite","@id":"https:\/\/activat.ferrerguardia.org\/#website","url":"https:\/\/activat.ferrerguardia.org\/","name":"activat.ferrerguardia.org","description":"Un programa que converteix la participaci\u00f3 associativa en experi\u00e8ncies que amplien les teves oportunitats laborals","publisher":{"@id":"https:\/\/activat.ferrerguardia.org\/#organization"},"potentialAction":[{"@type":"SearchAction","target":{"@type":"EntryPoint","urlTemplate":"https:\/\/activat.ferrerguardia.org\/?s={search_term_string}"},"query-input":{"@type":"PropertyValueSpecification","valueRequired":true,"valueName":"search_term_string"}}],"inLanguage":"es"},{"@type":"Organization","@id":"https:\/\/activat.ferrerguardia.org\/#organization","name":"activat.ferrerguardia.org","url":"https:\/\/activat.ferrerguardia.org\/","logo":{"@type":"ImageObject","inLanguage":"es","@id":"https:\/\/activat.ferrerguardia.org\/#\/schema\/logo\/image\/","url":"https:\/\/activat.ferrerguardia.org\/wp-content\/uploads\/2025\/04\/Logo-activat.svg","contentUrl":"https:\/\/activat.ferrerguardia.org\/wp-content\/uploads\/2025\/04\/Logo-activat.svg","caption":"activat.ferrerguardia.org"},"image":{"@id":"https:\/\/activat.ferrerguardia.org\/#\/schema\/logo\/image\/"},"sameAs":["https:\/\/www.facebook.com\/FundacioFrancescFerrerGuardia","https:\/\/www.instagram.com\/fundacioferreriguardia\/","https:\/\/bsky.app\/profile\/ferrerguardia.bsky.socia","https:\/\/www.youtube.com\/@fundferrerguardia","https:\/\/www.linkedin.com\/company\/fundacio-ferrer-i-guardia"]},{"@type":"Person","@id":"https:\/\/activat.ferrerguardia.org\/#\/schema\/person\/2b385d89ee0022e0fe4087fdfdf2e51d","name":"adminactivat","image":{"@type":"ImageObject","inLanguage":"es","@id":"https:\/\/secure.gravatar.com\/avatar\/d5c6a1c4272f231a4228a5c3a9aad29388a3ec5fbf3a1aed75ae23c498308b83?s=96&d=mm&r=g","url":"https:\/\/secure.gravatar.com\/avatar\/d5c6a1c4272f231a4228a5c3a9aad29388a3ec5fbf3a1aed75ae23c498308b83?s=96&d=mm&r=g","contentUrl":"https:\/\/secure.gravatar.com\/avatar\/d5c6a1c4272f231a4228a5c3a9aad29388a3ec5fbf3a1aed75ae23c498308b83?s=96&d=mm&r=g","caption":"adminactivat"},"url":"https:\/\/activat.ferrerguardia.org\/es\/author\/adminactivat\/"}]}},"_links":{"self":[{"href":"https:\/\/activat.ferrerguardia.org\/es\/wp-json\/wp\/v2\/posts\/2356","targetHints":{"allow":["GET"]}}],"collection":[{"href":"https:\/\/activat.ferrerguardia.org\/es\/wp-json\/wp\/v2\/posts"}],"about":[{"href":"https:\/\/activat.ferrerguardia.org\/es\/wp-json\/wp\/v2\/types\/post"}],"author":[{"embeddable":true,"href":"https:\/\/activat.ferrerguardia.org\/es\/wp-json\/wp\/v2\/users\/3"}],"replies":[{"embeddable":true,"href":"https:\/\/activat.ferrerguardia.org\/es\/wp-json\/wp\/v2\/comments?post=2356"}],"version-history":[{"count":1,"href":"https:\/\/activat.ferrerguardia.org\/es\/wp-json\/wp\/v2\/posts\/2356\/revisions"}],"predecessor-version":[{"id":2357,"href":"https:\/\/activat.ferrerguardia.org\/es\/wp-json\/wp\/v2\/posts\/2356\/revisions\/2357"}],"wp:featuredmedia":[{"embeddable":true,"href":"https:\/\/activat.ferrerguardia.org\/es\/wp-json\/wp\/v2\/media\/2353"}],"wp:attachment":[{"href":"https:\/\/activat.ferrerguardia.org\/es\/wp-json\/wp\/v2\/media?parent=2356"}],"wp:term":[{"taxonomy":"category","embeddable":true,"href":"https:\/\/activat.ferrerguardia.org\/es\/wp-json\/wp\/v2\/categories?post=2356"},{"taxonomy":"post_tag","embeddable":true,"href":"https:\/\/activat.ferrerguardia.org\/es\/wp-json\/wp\/v2\/tags?post=2356"}],"curies":[{"name":"wp","href":"https:\/\/api.w.org\/{rel}","templated":true}]}}