{"id":2362,"date":"2022-12-23T08:03:40","date_gmt":"2022-12-23T07:03:40","guid":{"rendered":"https:\/\/activat.ferrerguardia.org\/?p=2362"},"modified":"2025-02-26T12:27:46","modified_gmt":"2025-02-26T11:27:46","slug":"activate-jovenes-referentes-salud-mental-equipos-tecnicos-esplais-agrupamientos","status":"publish","type":"post","link":"https:\/\/activat.ferrerguardia.org\/es\/activate-jovenes-referentes-salud-mental-equipos-tecnicos-esplais-agrupamientos\/","title":{"rendered":"Act\u00edvate-J\u00f3venes Referentes finaliza el a\u00f1o formando en Salud Mental a los equipos t\u00e9cnicos de esplais y agrupamientos"},"content":{"rendered":"<p><span class=\"jCAhz ChMk0b\"><span class=\"ryNqvb\">El proyecto Act\u00edvate &#8211; J\u00f3venes Referentes ha mantenido, este jueves 22 de diciembre, el <strong>\u00faltimo encuentro del a\u00f1o con participantes y entidades acogedoras<\/strong>.<\/span><\/span> <span class=\"jCAhz ChMk0b\"><span class=\"ryNqvb\">La jornada, que cont\u00f3 con la participaci\u00f3n de 14 personas, consisti\u00f3 en un espacio de debate para tratar la integraci\u00f3n en esplais y agrupamientos, as\u00ed como trabajar la perspectiva intercultural.<\/span><\/span><\/p>\n<p>Actualmente, las personas j\u00f3venes becadas est\u00e1n haciendo de <strong>monitores\/as y jefes de grupo en cuatro agrupamientos y tres esplais<\/strong>: AE Mafeking, AE Sant Francesc Xavier, AE Skues, AE l&#8217;Avenc, esplai Sant Medir, esplai GMM y esplai El Refugi.<\/p>\n<p><span class=\"jCAhz ChMk0b\"><span class=\"ryNqvb\">Este encuentro llega despu\u00e9s de formaciones dirigidas a los equipos t\u00e9cnicos de las organizaciones y entidades.<\/span><\/span> <span class=\"jCAhz ChMk0b\"><span class=\"ryNqvb\">La \u00faltima ha sido una<strong> c\u00e1psula de Salud mental<\/strong> impartida por la Escola Lliure El Sol donde se ha incidido en la concienciaci\u00f3n sobre el estigma y facilitando estrategias y recursos para mejorar el acompa\u00f1amiento desde los proyectos de intervenci\u00f3n con ni\u00f1os, adolescentes y<\/span><\/span> <span class=\"jCAhz ChMk0b\"><span class=\"ryNqvb\">j\u00f3venes.<\/span><\/span><\/p>\n<p>Durante este per\u00edodo de vinculaci\u00f3n de las participantes en las entidades, se han realizado <strong>acompa\u00f1amientos-formativos a esplais y agrupamientos<\/strong> con la resoluci\u00f3n de necesidades concretas y c\u00e1psulas breves sobre interculturalidad, acogida, diversidad y pensamiento cr\u00edtico.<\/p>\n<h3><b><span data-contrast=\"none\">J\u00f3venes referentes para conseguir espacios m\u00e1s diversos\u00a0<\/span><\/b><\/h3>\n<p><span class=\"jCAhz ChMk0b\"><span class=\"ryNqvb\">Act\u00edvate &#8211; J\u00f3venes Referentes inicia la recta final de su tercera edici\u00f3n consolid\u00e1ndose como <strong>puente entre organizaciones que trabajan con personas de or\u00edgenes diversos y entidades de ocio educativo<\/strong>.<\/span><\/span> <span class=\"jCAhz ChMk0b\"><span class=\"ryNqvb\">El objetivo es que las personas participantes se conviertan en referentes de otros ni\u00f1os y j\u00f3venes en este \u00e1mbito para fomentar la cohesi\u00f3n social y alcanzar espacios m\u00e1s diversos.<\/span><\/span><\/p>\n<p><span class=\"jCAhz ChMk0b\"><span class=\"ryNqvb\">En el proyecto impulsado por la Fundaci\u00f3n Ferrer Guardia forman parte del grupo motor: Esplais Catalans, Acci\u00f3 Escolta de Catalunya, <span data-contrast=\"none\">Federaci\u00f3 de Casals de Joves de Catalunya<\/span> y la Escola Lliure El Sol.<\/span><\/span> <span class=\"jCAhz ChMk0b\"><span class=\"ryNqvb\">En este curso colaboran: <span data-contrast=\"none\">Associaci\u00f3 Esportiva Ciutat Vella, AFEV, Nous Cims, Iniciatives Solid\u00e0ries, Fundaci\u00f3 ADSIS y Fundaci\u00f3 Interm\u00e8dia. <\/span><span data-ccp-props=\"{&quot;201341983&quot;:0,&quot;335559685&quot;:0,&quot;335559739&quot;:160,&quot;335559740&quot;:259}\">\u00a0<\/span><\/span><\/span><\/p>\n","protected":false},"excerpt":{"rendered":"<p>El proyecto Act\u00edvate &#8211; J\u00f3venes Referentes ha mantenido, este jueves 22 de diciembre, el \u00faltimo encuentro del a\u00f1o con participantes y entidades acogedoras. La jornada, que cont\u00f3 con la participaci\u00f3n de 14 personas, consisti\u00f3 en un espacio de debate para tratar la integraci\u00f3n en esplais y agrupamientos, as\u00ed como trabajar la perspectiva intercultural. Actualmente, las [&hellip;]<\/p>\n","protected":false},"author":3,"featured_media":2359,"comment_status":"open","ping_status":"open","sticky":false,"template":"","format":"standard","meta":{"_acf_changed":false,"footnotes":""},"categories":[4,12],"tags":[],"class_list":["post-2362","post","type-post","status-publish","format-standard","has-post-thumbnail","hentry","category-noticias","category-noticies-2"],"acf":[],"yoast_head":"<!-- This site is optimized with the Yoast SEO plugin v27.5 - https:\/\/yoast.com\/product\/yoast-seo-wordpress\/ -->\n<title>Act\u00edvate-J\u00f3venes Referentes finaliza el a\u00f1o formando en Salud Mental a los equipos t\u00e9cnicos de esplais y agrupamientos - Activa&#039;t | Participa i transforma el teu futur<\/title>\n<meta name=\"robots\" content=\"index, follow, max-snippet:-1, max-image-preview:large, max-video-preview:-1\" \/>\n<link rel=\"canonical\" href=\"https:\/\/activat.ferrerguardia.org\/activat-joves-referents-formant-salut-mental-equips-tecnics-esplais-agrupaments\/\" \/>\n<meta property=\"og:locale\" content=\"es_ES\" \/>\n<meta property=\"og:type\" content=\"article\" \/>\n<meta property=\"og:title\" content=\"Act\u00edvate-J\u00f3venes Referentes finaliza el a\u00f1o formando en Salud Mental a los equipos t\u00e9cnicos de esplais y agrupamientos - Activa&#039;t | Participa i transforma el teu futur\" \/>\n<meta property=\"og:description\" content=\"El proyecto Act\u00edvate &#8211; J\u00f3venes Referentes ha mantenido, este jueves 22 de diciembre, el \u00faltimo encuentro del a\u00f1o con participantes y entidades acogedoras. La jornada, que cont\u00f3 con la participaci\u00f3n de 14 personas, consisti\u00f3 en un espacio de debate para tratar la integraci\u00f3n en esplais y agrupamientos, as\u00ed como trabajar la perspectiva intercultural. Actualmente, las [&hellip;]\" \/>\n<meta property=\"og:url\" content=\"https:\/\/activat.ferrerguardia.org\/activat-joves-referents-formant-salut-mental-equips-tecnics-esplais-agrupaments\/\" \/>\n<meta property=\"og:site_name\" content=\"Activa&#039;t | Participa i transforma el teu futur\" \/>\n<meta property=\"article:publisher\" content=\"https:\/\/www.facebook.com\/FundacioFrancescFerrerGuardia\" \/>\n<meta property=\"article:published_time\" content=\"2022-12-23T07:03:40+00:00\" \/>\n<meta property=\"article:modified_time\" content=\"2025-02-26T11:27:46+00:00\" \/>\n<meta property=\"og:image\" content=\"https:\/\/activat.ferrerguardia.org\/wp-content\/uploads\/2022\/12\/FFG_221222_ActivatJovesReferents.jpg\" \/>\n\t<meta property=\"og:image:width\" content=\"2000\" \/>\n\t<meta property=\"og:image:height\" content=\"1500\" \/>\n\t<meta property=\"og:image:type\" content=\"image\/jpeg\" \/>\n<meta name=\"author\" content=\"adminactivat\" \/>\n<meta name=\"twitter:card\" content=\"summary_large_image\" \/>\n<meta name=\"twitter:label1\" content=\"Escrito por\" \/>\n\t<meta name=\"twitter:data1\" content=\"adminactivat\" \/>\n\t<meta name=\"twitter:label2\" content=\"Tiempo de lectura\" \/>\n\t<meta name=\"twitter:data2\" content=\"2 minutos\" \/>\n<script type=\"application\/ld+json\" class=\"yoast-schema-graph\">{\"@context\":\"https:\\\/\\\/schema.org\",\"@graph\":[{\"@type\":\"Article\",\"@id\":\"https:\\\/\\\/activat.ferrerguardia.org\\\/activat-joves-referents-formant-salut-mental-equips-tecnics-esplais-agrupaments\\\/#article\",\"isPartOf\":{\"@id\":\"https:\\\/\\\/activat.ferrerguardia.org\\\/activat-joves-referents-formant-salut-mental-equips-tecnics-esplais-agrupaments\\\/\"},\"author\":{\"name\":\"adminactivat\",\"@id\":\"https:\\\/\\\/activat.ferrerguardia.org\\\/#\\\/schema\\\/person\\\/2b385d89ee0022e0fe4087fdfdf2e51d\"},\"headline\":\"Act\u00edvate-J\u00f3venes Referentes finaliza el a\u00f1o formando en Salud Mental a los equipos t\u00e9cnicos de esplais y agrupamientos\",\"datePublished\":\"2022-12-23T07:03:40+00:00\",\"dateModified\":\"2025-02-26T11:27:46+00:00\",\"mainEntityOfPage\":{\"@id\":\"https:\\\/\\\/activat.ferrerguardia.org\\\/activat-joves-referents-formant-salut-mental-equips-tecnics-esplais-agrupaments\\\/\"},\"wordCount\":359,\"commentCount\":0,\"publisher\":{\"@id\":\"https:\\\/\\\/activat.ferrerguardia.org\\\/#organization\"},\"image\":{\"@id\":\"https:\\\/\\\/activat.ferrerguardia.org\\\/activat-joves-referents-formant-salut-mental-equips-tecnics-esplais-agrupaments\\\/#primaryimage\"},\"thumbnailUrl\":\"https:\\\/\\\/activat.ferrerguardia.org\\\/wp-content\\\/uploads\\\/2022\\\/12\\\/FFG_221222_ActivatJovesReferents.jpg\",\"articleSection\":[\"Noticias\",\"Not\u00edcies\"],\"inLanguage\":\"es\"},{\"@type\":\"WebPage\",\"@id\":\"https:\\\/\\\/activat.ferrerguardia.org\\\/activat-joves-referents-formant-salut-mental-equips-tecnics-esplais-agrupaments\\\/\",\"url\":\"https:\\\/\\\/activat.ferrerguardia.org\\\/activat-joves-referents-formant-salut-mental-equips-tecnics-esplais-agrupaments\\\/\",\"name\":\"Act\u00edvate-J\u00f3venes Referentes finaliza el a\u00f1o formando en Salud Mental a los equipos t\u00e9cnicos de esplais y agrupamientos - Activa&#039;t | Participa i transforma el teu futur\",\"isPartOf\":{\"@id\":\"https:\\\/\\\/activat.ferrerguardia.org\\\/#website\"},\"primaryImageOfPage\":{\"@id\":\"https:\\\/\\\/activat.ferrerguardia.org\\\/activat-joves-referents-formant-salut-mental-equips-tecnics-esplais-agrupaments\\\/#primaryimage\"},\"image\":{\"@id\":\"https:\\\/\\\/activat.ferrerguardia.org\\\/activat-joves-referents-formant-salut-mental-equips-tecnics-esplais-agrupaments\\\/#primaryimage\"},\"thumbnailUrl\":\"https:\\\/\\\/activat.ferrerguardia.org\\\/wp-content\\\/uploads\\\/2022\\\/12\\\/FFG_221222_ActivatJovesReferents.jpg\",\"datePublished\":\"2022-12-23T07:03:40+00:00\",\"dateModified\":\"2025-02-26T11:27:46+00:00\",\"breadcrumb\":{\"@id\":\"https:\\\/\\\/activat.ferrerguardia.org\\\/activat-joves-referents-formant-salut-mental-equips-tecnics-esplais-agrupaments\\\/#breadcrumb\"},\"inLanguage\":\"es\",\"potentialAction\":[{\"@type\":\"ReadAction\",\"target\":[\"https:\\\/\\\/activat.ferrerguardia.org\\\/activat-joves-referents-formant-salut-mental-equips-tecnics-esplais-agrupaments\\\/\"]}]},{\"@type\":\"ImageObject\",\"inLanguage\":\"es\",\"@id\":\"https:\\\/\\\/activat.ferrerguardia.org\\\/activat-joves-referents-formant-salut-mental-equips-tecnics-esplais-agrupaments\\\/#primaryimage\",\"url\":\"https:\\\/\\\/activat.ferrerguardia.org\\\/wp-content\\\/uploads\\\/2022\\\/12\\\/FFG_221222_ActivatJovesReferents.jpg\",\"contentUrl\":\"https:\\\/\\\/activat.ferrerguardia.org\\\/wp-content\\\/uploads\\\/2022\\\/12\\\/FFG_221222_ActivatJovesReferents.jpg\",\"width\":2000,\"height\":1500},{\"@type\":\"BreadcrumbList\",\"@id\":\"https:\\\/\\\/activat.ferrerguardia.org\\\/activat-joves-referents-formant-salut-mental-equips-tecnics-esplais-agrupaments\\\/#breadcrumb\",\"itemListElement\":[{\"@type\":\"ListItem\",\"position\":1,\"name\":\"Inici\",\"item\":\"https:\\\/\\\/activat.ferrerguardia.org\\\/\"},{\"@type\":\"ListItem\",\"position\":2,\"name\":\"Act\u00edvate-J\u00f3venes Referentes finaliza el a\u00f1o formando en Salud Mental a los equipos t\u00e9cnicos de esplais y agrupamientos\"}]},{\"@type\":\"WebSite\",\"@id\":\"https:\\\/\\\/activat.ferrerguardia.org\\\/#website\",\"url\":\"https:\\\/\\\/activat.ferrerguardia.org\\\/\",\"name\":\"activat.ferrerguardia.org\",\"description\":\"Un programa que converteix la participaci\u00f3 associativa en experi\u00e8ncies que amplien les teves oportunitats laborals\",\"publisher\":{\"@id\":\"https:\\\/\\\/activat.ferrerguardia.org\\\/#organization\"},\"potentialAction\":[{\"@type\":\"SearchAction\",\"target\":{\"@type\":\"EntryPoint\",\"urlTemplate\":\"https:\\\/\\\/activat.ferrerguardia.org\\\/?s={search_term_string}\"},\"query-input\":{\"@type\":\"PropertyValueSpecification\",\"valueRequired\":true,\"valueName\":\"search_term_string\"}}],\"inLanguage\":\"es\"},{\"@type\":\"Organization\",\"@id\":\"https:\\\/\\\/activat.ferrerguardia.org\\\/#organization\",\"name\":\"activat.ferrerguardia.org\",\"url\":\"https:\\\/\\\/activat.ferrerguardia.org\\\/\",\"logo\":{\"@type\":\"ImageObject\",\"inLanguage\":\"es\",\"@id\":\"https:\\\/\\\/activat.ferrerguardia.org\\\/#\\\/schema\\\/logo\\\/image\\\/\",\"url\":\"https:\\\/\\\/activat.ferrerguardia.org\\\/wp-content\\\/uploads\\\/2025\\\/04\\\/Logo-activat.svg\",\"contentUrl\":\"https:\\\/\\\/activat.ferrerguardia.org\\\/wp-content\\\/uploads\\\/2025\\\/04\\\/Logo-activat.svg\",\"caption\":\"activat.ferrerguardia.org\"},\"image\":{\"@id\":\"https:\\\/\\\/activat.ferrerguardia.org\\\/#\\\/schema\\\/logo\\\/image\\\/\"},\"sameAs\":[\"https:\\\/\\\/www.facebook.com\\\/FundacioFrancescFerrerGuardia\",\"https:\\\/\\\/www.instagram.com\\\/fundacioferreriguardia\\\/\",\"https:\\\/\\\/bsky.app\\\/profile\\\/ferrerguardia.bsky.socia\",\"https:\\\/\\\/www.youtube.com\\\/@fundferrerguardia\",\"https:\\\/\\\/www.linkedin.com\\\/company\\\/fundacio-ferrer-i-guardia\"]},{\"@type\":\"Person\",\"@id\":\"https:\\\/\\\/activat.ferrerguardia.org\\\/#\\\/schema\\\/person\\\/2b385d89ee0022e0fe4087fdfdf2e51d\",\"name\":\"adminactivat\",\"image\":{\"@type\":\"ImageObject\",\"inLanguage\":\"es\",\"@id\":\"https:\\\/\\\/secure.gravatar.com\\\/avatar\\\/d5c6a1c4272f231a4228a5c3a9aad29388a3ec5fbf3a1aed75ae23c498308b83?s=96&d=mm&r=g\",\"url\":\"https:\\\/\\\/secure.gravatar.com\\\/avatar\\\/d5c6a1c4272f231a4228a5c3a9aad29388a3ec5fbf3a1aed75ae23c498308b83?s=96&d=mm&r=g\",\"contentUrl\":\"https:\\\/\\\/secure.gravatar.com\\\/avatar\\\/d5c6a1c4272f231a4228a5c3a9aad29388a3ec5fbf3a1aed75ae23c498308b83?s=96&d=mm&r=g\",\"caption\":\"adminactivat\"},\"url\":\"https:\\\/\\\/activat.ferrerguardia.org\\\/es\\\/author\\\/adminactivat\\\/\"}]}<\/script>\n<!-- \/ Yoast SEO plugin. -->","yoast_head_json":{"title":"Act\u00edvate-J\u00f3venes Referentes finaliza el a\u00f1o formando en Salud Mental a los equipos t\u00e9cnicos de esplais y agrupamientos - Activa&#039;t | Participa i transforma el teu futur","robots":{"index":"index","follow":"follow","max-snippet":"max-snippet:-1","max-image-preview":"max-image-preview:large","max-video-preview":"max-video-preview:-1"},"canonical":"https:\/\/activat.ferrerguardia.org\/activat-joves-referents-formant-salut-mental-equips-tecnics-esplais-agrupaments\/","og_locale":"es_ES","og_type":"article","og_title":"Act\u00edvate-J\u00f3venes Referentes finaliza el a\u00f1o formando en Salud Mental a los equipos t\u00e9cnicos de esplais y agrupamientos - Activa&#039;t | Participa i transforma el teu futur","og_description":"El proyecto Act\u00edvate &#8211; J\u00f3venes Referentes ha mantenido, este jueves 22 de diciembre, el \u00faltimo encuentro del a\u00f1o con participantes y entidades acogedoras. La jornada, que cont\u00f3 con la participaci\u00f3n de 14 personas, consisti\u00f3 en un espacio de debate para tratar la integraci\u00f3n en esplais y agrupamientos, as\u00ed como trabajar la perspectiva intercultural. Actualmente, las [&hellip;]","og_url":"https:\/\/activat.ferrerguardia.org\/activat-joves-referents-formant-salut-mental-equips-tecnics-esplais-agrupaments\/","og_site_name":"Activa&#039;t | Participa i transforma el teu futur","article_publisher":"https:\/\/www.facebook.com\/FundacioFrancescFerrerGuardia","article_published_time":"2022-12-23T07:03:40+00:00","article_modified_time":"2025-02-26T11:27:46+00:00","og_image":[{"width":2000,"height":1500,"url":"https:\/\/activat.ferrerguardia.org\/wp-content\/uploads\/2022\/12\/FFG_221222_ActivatJovesReferents.jpg","type":"image\/jpeg"}],"author":"adminactivat","twitter_card":"summary_large_image","twitter_misc":{"Escrito por":"adminactivat","Tiempo de lectura":"2 minutos"},"schema":{"@context":"https:\/\/schema.org","@graph":[{"@type":"Article","@id":"https:\/\/activat.ferrerguardia.org\/activat-joves-referents-formant-salut-mental-equips-tecnics-esplais-agrupaments\/#article","isPartOf":{"@id":"https:\/\/activat.ferrerguardia.org\/activat-joves-referents-formant-salut-mental-equips-tecnics-esplais-agrupaments\/"},"author":{"name":"adminactivat","@id":"https:\/\/activat.ferrerguardia.org\/#\/schema\/person\/2b385d89ee0022e0fe4087fdfdf2e51d"},"headline":"Act\u00edvate-J\u00f3venes Referentes finaliza el a\u00f1o formando en Salud Mental a los equipos t\u00e9cnicos de esplais y agrupamientos","datePublished":"2022-12-23T07:03:40+00:00","dateModified":"2025-02-26T11:27:46+00:00","mainEntityOfPage":{"@id":"https:\/\/activat.ferrerguardia.org\/activat-joves-referents-formant-salut-mental-equips-tecnics-esplais-agrupaments\/"},"wordCount":359,"commentCount":0,"publisher":{"@id":"https:\/\/activat.ferrerguardia.org\/#organization"},"image":{"@id":"https:\/\/activat.ferrerguardia.org\/activat-joves-referents-formant-salut-mental-equips-tecnics-esplais-agrupaments\/#primaryimage"},"thumbnailUrl":"https:\/\/activat.ferrerguardia.org\/wp-content\/uploads\/2022\/12\/FFG_221222_ActivatJovesReferents.jpg","articleSection":["Noticias","Not\u00edcies"],"inLanguage":"es"},{"@type":"WebPage","@id":"https:\/\/activat.ferrerguardia.org\/activat-joves-referents-formant-salut-mental-equips-tecnics-esplais-agrupaments\/","url":"https:\/\/activat.ferrerguardia.org\/activat-joves-referents-formant-salut-mental-equips-tecnics-esplais-agrupaments\/","name":"Act\u00edvate-J\u00f3venes Referentes finaliza el a\u00f1o formando en Salud Mental a los equipos t\u00e9cnicos de esplais y agrupamientos - Activa&#039;t | Participa i transforma el teu futur","isPartOf":{"@id":"https:\/\/activat.ferrerguardia.org\/#website"},"primaryImageOfPage":{"@id":"https:\/\/activat.ferrerguardia.org\/activat-joves-referents-formant-salut-mental-equips-tecnics-esplais-agrupaments\/#primaryimage"},"image":{"@id":"https:\/\/activat.ferrerguardia.org\/activat-joves-referents-formant-salut-mental-equips-tecnics-esplais-agrupaments\/#primaryimage"},"thumbnailUrl":"https:\/\/activat.ferrerguardia.org\/wp-content\/uploads\/2022\/12\/FFG_221222_ActivatJovesReferents.jpg","datePublished":"2022-12-23T07:03:40+00:00","dateModified":"2025-02-26T11:27:46+00:00","breadcrumb":{"@id":"https:\/\/activat.ferrerguardia.org\/activat-joves-referents-formant-salut-mental-equips-tecnics-esplais-agrupaments\/#breadcrumb"},"inLanguage":"es","potentialAction":[{"@type":"ReadAction","target":["https:\/\/activat.ferrerguardia.org\/activat-joves-referents-formant-salut-mental-equips-tecnics-esplais-agrupaments\/"]}]},{"@type":"ImageObject","inLanguage":"es","@id":"https:\/\/activat.ferrerguardia.org\/activat-joves-referents-formant-salut-mental-equips-tecnics-esplais-agrupaments\/#primaryimage","url":"https:\/\/activat.ferrerguardia.org\/wp-content\/uploads\/2022\/12\/FFG_221222_ActivatJovesReferents.jpg","contentUrl":"https:\/\/activat.ferrerguardia.org\/wp-content\/uploads\/2022\/12\/FFG_221222_ActivatJovesReferents.jpg","width":2000,"height":1500},{"@type":"BreadcrumbList","@id":"https:\/\/activat.ferrerguardia.org\/activat-joves-referents-formant-salut-mental-equips-tecnics-esplais-agrupaments\/#breadcrumb","itemListElement":[{"@type":"ListItem","position":1,"name":"Inici","item":"https:\/\/activat.ferrerguardia.org\/"},{"@type":"ListItem","position":2,"name":"Act\u00edvate-J\u00f3venes Referentes finaliza el a\u00f1o formando en Salud Mental a los equipos t\u00e9cnicos de esplais y agrupamientos"}]},{"@type":"WebSite","@id":"https:\/\/activat.ferrerguardia.org\/#website","url":"https:\/\/activat.ferrerguardia.org\/","name":"activat.ferrerguardia.org","description":"Un programa que converteix la participaci\u00f3 associativa en experi\u00e8ncies que amplien les teves oportunitats laborals","publisher":{"@id":"https:\/\/activat.ferrerguardia.org\/#organization"},"potentialAction":[{"@type":"SearchAction","target":{"@type":"EntryPoint","urlTemplate":"https:\/\/activat.ferrerguardia.org\/?s={search_term_string}"},"query-input":{"@type":"PropertyValueSpecification","valueRequired":true,"valueName":"search_term_string"}}],"inLanguage":"es"},{"@type":"Organization","@id":"https:\/\/activat.ferrerguardia.org\/#organization","name":"activat.ferrerguardia.org","url":"https:\/\/activat.ferrerguardia.org\/","logo":{"@type":"ImageObject","inLanguage":"es","@id":"https:\/\/activat.ferrerguardia.org\/#\/schema\/logo\/image\/","url":"https:\/\/activat.ferrerguardia.org\/wp-content\/uploads\/2025\/04\/Logo-activat.svg","contentUrl":"https:\/\/activat.ferrerguardia.org\/wp-content\/uploads\/2025\/04\/Logo-activat.svg","caption":"activat.ferrerguardia.org"},"image":{"@id":"https:\/\/activat.ferrerguardia.org\/#\/schema\/logo\/image\/"},"sameAs":["https:\/\/www.facebook.com\/FundacioFrancescFerrerGuardia","https:\/\/www.instagram.com\/fundacioferreriguardia\/","https:\/\/bsky.app\/profile\/ferrerguardia.bsky.socia","https:\/\/www.youtube.com\/@fundferrerguardia","https:\/\/www.linkedin.com\/company\/fundacio-ferrer-i-guardia"]},{"@type":"Person","@id":"https:\/\/activat.ferrerguardia.org\/#\/schema\/person\/2b385d89ee0022e0fe4087fdfdf2e51d","name":"adminactivat","image":{"@type":"ImageObject","inLanguage":"es","@id":"https:\/\/secure.gravatar.com\/avatar\/d5c6a1c4272f231a4228a5c3a9aad29388a3ec5fbf3a1aed75ae23c498308b83?s=96&d=mm&r=g","url":"https:\/\/secure.gravatar.com\/avatar\/d5c6a1c4272f231a4228a5c3a9aad29388a3ec5fbf3a1aed75ae23c498308b83?s=96&d=mm&r=g","contentUrl":"https:\/\/secure.gravatar.com\/avatar\/d5c6a1c4272f231a4228a5c3a9aad29388a3ec5fbf3a1aed75ae23c498308b83?s=96&d=mm&r=g","caption":"adminactivat"},"url":"https:\/\/activat.ferrerguardia.org\/es\/author\/adminactivat\/"}]}},"_links":{"self":[{"href":"https:\/\/activat.ferrerguardia.org\/es\/wp-json\/wp\/v2\/posts\/2362","targetHints":{"allow":["GET"]}}],"collection":[{"href":"https:\/\/activat.ferrerguardia.org\/es\/wp-json\/wp\/v2\/posts"}],"about":[{"href":"https:\/\/activat.ferrerguardia.org\/es\/wp-json\/wp\/v2\/types\/post"}],"author":[{"embeddable":true,"href":"https:\/\/activat.ferrerguardia.org\/es\/wp-json\/wp\/v2\/users\/3"}],"replies":[{"embeddable":true,"href":"https:\/\/activat.ferrerguardia.org\/es\/wp-json\/wp\/v2\/comments?post=2362"}],"version-history":[{"count":1,"href":"https:\/\/activat.ferrerguardia.org\/es\/wp-json\/wp\/v2\/posts\/2362\/revisions"}],"predecessor-version":[{"id":2401,"href":"https:\/\/activat.ferrerguardia.org\/es\/wp-json\/wp\/v2\/posts\/2362\/revisions\/2401"}],"wp:featuredmedia":[{"embeddable":true,"href":"https:\/\/activat.ferrerguardia.org\/es\/wp-json\/wp\/v2\/media\/2359"}],"wp:attachment":[{"href":"https:\/\/activat.ferrerguardia.org\/es\/wp-json\/wp\/v2\/media?parent=2362"}],"wp:term":[{"taxonomy":"category","embeddable":true,"href":"https:\/\/activat.ferrerguardia.org\/es\/wp-json\/wp\/v2\/categories?post=2362"},{"taxonomy":"post_tag","embeddable":true,"href":"https:\/\/activat.ferrerguardia.org\/es\/wp-json\/wp\/v2\/tags?post=2362"}],"curies":[{"name":"wp","href":"https:\/\/api.w.org\/{rel}","templated":true}]}}