{"id":2393,"date":"2024-04-25T07:33:27","date_gmt":"2024-04-25T05:33:27","guid":{"rendered":"https:\/\/activat.ferrerguardia.org\/activat-joves-referents-acompanya-persones-joves-origens-diversos-vinculacio-esplais-agrupaments-2\/"},"modified":"2025-02-26T12:27:47","modified_gmt":"2025-02-26T11:27:47","slug":"activat-joves-referents-acompana-a-personas-jovenes-de-origenes-diversos-en-su-vinculacion-a-esplais-y-agrupamientos","status":"publish","type":"post","link":"https:\/\/activat.ferrerguardia.org\/es\/activat-joves-referents-acompana-a-personas-jovenes-de-origenes-diversos-en-su-vinculacion-a-esplais-y-agrupamientos\/","title":{"rendered":"Activa&#8217;t &#8211; Joves Referents acompa\u00f1a a personas j\u00f3venes de or\u00edgenes diversos en su vinculaci\u00f3n a esplais y agrupamientos"},"content":{"rendered":"<p><span data-contrast=\"auto\">Las personas participantes del proyecto Activa&#8217;t &#8211; Joves Referents <\/span><b><span data-contrast=\"auto\">han iniciado sus estancias en entidades de ocio y tiempo libre<\/span><\/b><span data-contrast=\"auto\">. Durante el \u00faltimo mes, se han llevado a cabo reuniones con los y las j\u00f3venes para evaluar su progreso en los cursos de este verano y apoyar en su <a href=\"\/?p=2064\">vinculaci\u00f3n a las entidades colaboradoras<\/a>.\u00a0<\/span><span data-ccp-props=\"{&quot;201341983&quot;:0,&quot;335559739&quot;:160,&quot;335559740&quot;:259}\">\u00a0<\/span><\/p>\n<p><span data-contrast=\"auto\">Antes de eso, las personas participantes completaron seis cursos de monitor\/a de ocio educativo en modalidad residencial o semi-residencial. Estos cursos, dirigidos por la Escuela Libre El Sol,<\/span><b><span data-contrast=\"auto\"> los preparan para formar parte del equipo <\/span><\/b><span data-contrast=\"auto\">de las entidades asociadas a Acci\u00f3 Escolta y Esplais Catalans.\u00a0<\/span><span data-ccp-props=\"{&quot;201341983&quot;:0,&quot;335559739&quot;:160,&quot;335559740&quot;:259}\">\u00a0<\/span><\/p>\n<p><span data-ccp-props=\"{&quot;201341983&quot;:0,&quot;335559739&quot;:160,&quot;335559740&quot;:259}\">\u00a0<\/span><\/p>\n<h3><b><span data-contrast=\"auto\">Formaciones sobre salud mental y t\u00e9cnicas de acogida<\/span><\/b><span data-ccp-props=\"{&quot;201341983&quot;:0,&quot;335559739&quot;:160,&quot;335559740&quot;:259}\">\u00a0<\/span><\/h3>\n<p><span data-contrast=\"auto\">Este oto\u00f1o tambi\u00e9n se impartir\u00e1n dos modalidades de formaciones. En primer lugar, dirigida a los equipos de monitoress y jefes de los esplais y agrupamientos participantes, una c\u00e1psula sobre t\u00e9cnicas de acogida impartida por AFEV y El Sol donde se abordar\u00e1 el relevo en las entidades, la atenci\u00f3n a las desigualdades sociales en la participaci\u00f3n, los <\/span><b><span data-contrast=\"auto\">procesos de incorporaci\u00f3n de personas<\/span><\/b><span data-contrast=\"auto\"> y las estrategias para tener una mirada inclusiva. En segundo lugar, dirigida a los equipos t\u00e9cnicos de las organizaciones miembros del proyecto, dos sesiones sobre salud mental para identificar sus s\u00edntomas, dar <\/span><b><span data-contrast=\"auto\">herramientas para el acompa\u00f1amiento<\/span><\/b><span data-contrast=\"auto\"> de personas con problemas de esta tipolog\u00eda y promover h\u00e1bitos sobre bienestar emocional y mental.\u00a0<\/span><span data-ccp-props=\"{&quot;201341983&quot;:0,&quot;335559739&quot;:160,&quot;335559740&quot;:259}\">\u00a0<\/span><\/p>\n<p><span data-ccp-props=\"{&quot;201341983&quot;:0,&quot;335559739&quot;:160,&quot;335559740&quot;:259}\">\u00a0<\/span><\/p>\n<h3><b><span data-contrast=\"auto\">Potencialidades de la vinculaci\u00f3n de personas de origen diverso\u00a0<\/span><\/b><span data-ccp-props=\"{&quot;201341983&quot;:0,&quot;335559739&quot;:160,&quot;335559740&quot;:259}\">\u00a0<\/span><\/h3>\n<p><span data-contrast=\"auto\">A nivel individual, la participaci\u00f3n en estas asociaciones de ocio educativo por parte de personas de origen diverso sirve para encontrar un espacio donde sentirse valoradas, un mayor sentido de pertenencia y de autoestima. Adem\u00e1s, la interacci\u00f3n con miembros de la comunidad local puede ayudar a <\/span><b><span data-contrast=\"auto\">mejorar habilidades, acceder a recursos y oportunidades de trabajo<\/span><\/b><span data-contrast=\"auto\">, as\u00ed como establecer redes de apoyo s\u00f3lidas.\u00a0<\/span><span data-ccp-props=\"{&quot;201341983&quot;:0,&quot;335559739&quot;:160,&quot;335559740&quot;:259}\">\u00a0<\/span><\/p>\n<p><span data-contrast=\"auto\">Para las entidades, representa un impulso a la diversidad. La inclusi\u00f3n de estas personas aporta diferentes perspectivas culturales y experiencias que <\/span><b><span data-contrast=\"auto\">enriquecen la toma de decisiones y la creatividad de la propia entidad<\/span><\/b><span data-contrast=\"auto\">. A la vez, es una v\u00eda para representar mejor a la comunidad, para tener un mayor impacto transformador en el territorio y para favorecer la cohesi\u00f3n social.\u00a0\u00a0<\/span><span data-ccp-props=\"{&quot;201341983&quot;:0,&quot;335559739&quot;:160,&quot;335559740&quot;:259}\">\u00a0<\/span><\/p>\n","protected":false},"excerpt":{"rendered":"<p>Las personas participantes del proyecto Activa&#8217;t &#8211; Joves Referents han iniciado sus estancias en entidades de ocio y tiempo libre. Durante el \u00faltimo mes, se han llevado a cabo reuniones con los y las j\u00f3venes para evaluar su progreso en los cursos de este verano y apoyar en su vinculaci\u00f3n a las entidades colaboradoras.\u00a0\u00a0 Antes [&hellip;]<\/p>\n","protected":false},"author":3,"featured_media":2398,"comment_status":"open","ping_status":"open","sticky":false,"template":"","format":"standard","meta":{"_acf_changed":false,"footnotes":""},"categories":[12],"tags":[],"class_list":["post-2393","post","type-post","status-publish","format-standard","has-post-thumbnail","hentry","category-noticies-2"],"acf":[],"yoast_head":"<!-- This site is optimized with the Yoast SEO plugin v27.5 - https:\/\/yoast.com\/product\/yoast-seo-wordpress\/ -->\n<title>Activa&#039;t - Joves Referents acompa\u00f1a a personas j\u00f3venes de or\u00edgenes diversos en su vinculaci\u00f3n a esplais y agrupamientos - Activa&#039;t | Participa i transforma el teu futur<\/title>\n<meta name=\"robots\" content=\"index, follow, max-snippet:-1, max-image-preview:large, max-video-preview:-1\" \/>\n<link rel=\"canonical\" href=\"https:\/\/activat.ferrerguardia.org\/activat-joves-referents-enceta-la-cinquena-edicio\/\" \/>\n<meta property=\"og:locale\" content=\"es_ES\" \/>\n<meta property=\"og:type\" content=\"article\" \/>\n<meta property=\"og:title\" content=\"Activa&#039;t - Joves Referents acompa\u00f1a a personas j\u00f3venes de or\u00edgenes diversos en su vinculaci\u00f3n a esplais y agrupamientos - Activa&#039;t | Participa i transforma el teu futur\" \/>\n<meta property=\"og:description\" content=\"Las personas participantes del proyecto Activa&#8217;t &#8211; Joves Referents han iniciado sus estancias en entidades de ocio y tiempo libre. Durante el \u00faltimo mes, se han llevado a cabo reuniones con los y las j\u00f3venes para evaluar su progreso en los cursos de este verano y apoyar en su vinculaci\u00f3n a las entidades colaboradoras.\u00a0\u00a0 Antes [&hellip;]\" \/>\n<meta property=\"og:url\" content=\"https:\/\/activat.ferrerguardia.org\/activat-joves-referents-enceta-la-cinquena-edicio\/\" \/>\n<meta property=\"og:site_name\" content=\"Activa&#039;t | Participa i transforma el teu futur\" \/>\n<meta property=\"article:publisher\" content=\"https:\/\/www.facebook.com\/FundacioFrancescFerrerGuardia\" \/>\n<meta property=\"article:published_time\" content=\"2024-04-25T05:33:27+00:00\" \/>\n<meta property=\"article:modified_time\" content=\"2025-02-26T11:27:47+00:00\" \/>\n<meta property=\"og:image\" content=\"https:\/\/activat.ferrerguardia.org\/wp-content\/uploads\/2024\/04\/activat-joves-referents-2024-destacada.jpg\" \/>\n\t<meta property=\"og:image:width\" content=\"1201\" \/>\n\t<meta property=\"og:image:height\" content=\"679\" \/>\n\t<meta property=\"og:image:type\" content=\"image\/jpeg\" \/>\n<meta name=\"author\" content=\"adminactivat\" \/>\n<meta name=\"twitter:card\" content=\"summary_large_image\" \/>\n<meta name=\"twitter:label1\" content=\"Escrito por\" \/>\n\t<meta name=\"twitter:data1\" content=\"adminactivat\" \/>\n\t<meta name=\"twitter:label2\" content=\"Tiempo de lectura\" \/>\n\t<meta name=\"twitter:data2\" content=\"2 minutos\" \/>\n<script type=\"application\/ld+json\" class=\"yoast-schema-graph\">{\"@context\":\"https:\\\/\\\/schema.org\",\"@graph\":[{\"@type\":\"Article\",\"@id\":\"https:\\\/\\\/activat.ferrerguardia.org\\\/activat-joves-referents-enceta-la-cinquena-edicio\\\/#article\",\"isPartOf\":{\"@id\":\"https:\\\/\\\/activat.ferrerguardia.org\\\/activat-joves-referents-enceta-la-cinquena-edicio\\\/\"},\"author\":{\"name\":\"adminactivat\",\"@id\":\"https:\\\/\\\/activat.ferrerguardia.org\\\/#\\\/schema\\\/person\\\/2b385d89ee0022e0fe4087fdfdf2e51d\"},\"headline\":\"Activa&#8217;t &#8211; Joves Referents acompa\u00f1a a personas j\u00f3venes de or\u00edgenes diversos en su vinculaci\u00f3n a esplais y agrupamientos\",\"datePublished\":\"2024-04-25T05:33:27+00:00\",\"dateModified\":\"2025-02-26T11:27:47+00:00\",\"mainEntityOfPage\":{\"@id\":\"https:\\\/\\\/activat.ferrerguardia.org\\\/activat-joves-referents-enceta-la-cinquena-edicio\\\/\"},\"wordCount\":399,\"commentCount\":0,\"publisher\":{\"@id\":\"https:\\\/\\\/activat.ferrerguardia.org\\\/#organization\"},\"image\":{\"@id\":\"https:\\\/\\\/activat.ferrerguardia.org\\\/activat-joves-referents-enceta-la-cinquena-edicio\\\/#primaryimage\"},\"thumbnailUrl\":\"https:\\\/\\\/activat.ferrerguardia.org\\\/wp-content\\\/uploads\\\/2024\\\/04\\\/activat-joves-referents-2024-destacada.jpg\",\"articleSection\":[\"Not\u00edcies\"],\"inLanguage\":\"es\"},{\"@type\":\"WebPage\",\"@id\":\"https:\\\/\\\/activat.ferrerguardia.org\\\/activat-joves-referents-enceta-la-cinquena-edicio\\\/\",\"url\":\"https:\\\/\\\/activat.ferrerguardia.org\\\/activat-joves-referents-enceta-la-cinquena-edicio\\\/\",\"name\":\"Activa't - Joves Referents acompa\u00f1a a personas j\u00f3venes de or\u00edgenes diversos en su vinculaci\u00f3n a esplais y agrupamientos - Activa&#039;t | Participa i transforma el teu futur\",\"isPartOf\":{\"@id\":\"https:\\\/\\\/activat.ferrerguardia.org\\\/#website\"},\"primaryImageOfPage\":{\"@id\":\"https:\\\/\\\/activat.ferrerguardia.org\\\/activat-joves-referents-enceta-la-cinquena-edicio\\\/#primaryimage\"},\"image\":{\"@id\":\"https:\\\/\\\/activat.ferrerguardia.org\\\/activat-joves-referents-enceta-la-cinquena-edicio\\\/#primaryimage\"},\"thumbnailUrl\":\"https:\\\/\\\/activat.ferrerguardia.org\\\/wp-content\\\/uploads\\\/2024\\\/04\\\/activat-joves-referents-2024-destacada.jpg\",\"datePublished\":\"2024-04-25T05:33:27+00:00\",\"dateModified\":\"2025-02-26T11:27:47+00:00\",\"breadcrumb\":{\"@id\":\"https:\\\/\\\/activat.ferrerguardia.org\\\/activat-joves-referents-enceta-la-cinquena-edicio\\\/#breadcrumb\"},\"inLanguage\":\"es\",\"potentialAction\":[{\"@type\":\"ReadAction\",\"target\":[\"https:\\\/\\\/activat.ferrerguardia.org\\\/activat-joves-referents-enceta-la-cinquena-edicio\\\/\"]}]},{\"@type\":\"ImageObject\",\"inLanguage\":\"es\",\"@id\":\"https:\\\/\\\/activat.ferrerguardia.org\\\/activat-joves-referents-enceta-la-cinquena-edicio\\\/#primaryimage\",\"url\":\"https:\\\/\\\/activat.ferrerguardia.org\\\/wp-content\\\/uploads\\\/2024\\\/04\\\/activat-joves-referents-2024-destacada.jpg\",\"contentUrl\":\"https:\\\/\\\/activat.ferrerguardia.org\\\/wp-content\\\/uploads\\\/2024\\\/04\\\/activat-joves-referents-2024-destacada.jpg\",\"width\":1201,\"height\":679},{\"@type\":\"BreadcrumbList\",\"@id\":\"https:\\\/\\\/activat.ferrerguardia.org\\\/activat-joves-referents-enceta-la-cinquena-edicio\\\/#breadcrumb\",\"itemListElement\":[{\"@type\":\"ListItem\",\"position\":1,\"name\":\"Inici\",\"item\":\"https:\\\/\\\/activat.ferrerguardia.org\\\/\"},{\"@type\":\"ListItem\",\"position\":2,\"name\":\"Activa&#8217;t &#8211; Joves Referents acompa\u00f1a a personas j\u00f3venes de or\u00edgenes diversos en su vinculaci\u00f3n a esplais y agrupamientos\"}]},{\"@type\":\"WebSite\",\"@id\":\"https:\\\/\\\/activat.ferrerguardia.org\\\/#website\",\"url\":\"https:\\\/\\\/activat.ferrerguardia.org\\\/\",\"name\":\"activat.ferrerguardia.org\",\"description\":\"Un programa que converteix la participaci\u00f3 associativa en experi\u00e8ncies que amplien les teves oportunitats laborals\",\"publisher\":{\"@id\":\"https:\\\/\\\/activat.ferrerguardia.org\\\/#organization\"},\"potentialAction\":[{\"@type\":\"SearchAction\",\"target\":{\"@type\":\"EntryPoint\",\"urlTemplate\":\"https:\\\/\\\/activat.ferrerguardia.org\\\/?s={search_term_string}\"},\"query-input\":{\"@type\":\"PropertyValueSpecification\",\"valueRequired\":true,\"valueName\":\"search_term_string\"}}],\"inLanguage\":\"es\"},{\"@type\":\"Organization\",\"@id\":\"https:\\\/\\\/activat.ferrerguardia.org\\\/#organization\",\"name\":\"activat.ferrerguardia.org\",\"url\":\"https:\\\/\\\/activat.ferrerguardia.org\\\/\",\"logo\":{\"@type\":\"ImageObject\",\"inLanguage\":\"es\",\"@id\":\"https:\\\/\\\/activat.ferrerguardia.org\\\/#\\\/schema\\\/logo\\\/image\\\/\",\"url\":\"https:\\\/\\\/activat.ferrerguardia.org\\\/wp-content\\\/uploads\\\/2025\\\/04\\\/Logo-activat.svg\",\"contentUrl\":\"https:\\\/\\\/activat.ferrerguardia.org\\\/wp-content\\\/uploads\\\/2025\\\/04\\\/Logo-activat.svg\",\"caption\":\"activat.ferrerguardia.org\"},\"image\":{\"@id\":\"https:\\\/\\\/activat.ferrerguardia.org\\\/#\\\/schema\\\/logo\\\/image\\\/\"},\"sameAs\":[\"https:\\\/\\\/www.facebook.com\\\/FundacioFrancescFerrerGuardia\",\"https:\\\/\\\/www.instagram.com\\\/fundacioferreriguardia\\\/\",\"https:\\\/\\\/bsky.app\\\/profile\\\/ferrerguardia.bsky.socia\",\"https:\\\/\\\/www.youtube.com\\\/@fundferrerguardia\",\"https:\\\/\\\/www.linkedin.com\\\/company\\\/fundacio-ferrer-i-guardia\"]},{\"@type\":\"Person\",\"@id\":\"https:\\\/\\\/activat.ferrerguardia.org\\\/#\\\/schema\\\/person\\\/2b385d89ee0022e0fe4087fdfdf2e51d\",\"name\":\"adminactivat\",\"image\":{\"@type\":\"ImageObject\",\"inLanguage\":\"es\",\"@id\":\"https:\\\/\\\/secure.gravatar.com\\\/avatar\\\/d5c6a1c4272f231a4228a5c3a9aad29388a3ec5fbf3a1aed75ae23c498308b83?s=96&d=mm&r=g\",\"url\":\"https:\\\/\\\/secure.gravatar.com\\\/avatar\\\/d5c6a1c4272f231a4228a5c3a9aad29388a3ec5fbf3a1aed75ae23c498308b83?s=96&d=mm&r=g\",\"contentUrl\":\"https:\\\/\\\/secure.gravatar.com\\\/avatar\\\/d5c6a1c4272f231a4228a5c3a9aad29388a3ec5fbf3a1aed75ae23c498308b83?s=96&d=mm&r=g\",\"caption\":\"adminactivat\"},\"url\":\"https:\\\/\\\/activat.ferrerguardia.org\\\/es\\\/author\\\/adminactivat\\\/\"}]}<\/script>\n<!-- \/ Yoast SEO plugin. -->","yoast_head_json":{"title":"Activa't - Joves Referents acompa\u00f1a a personas j\u00f3venes de or\u00edgenes diversos en su vinculaci\u00f3n a esplais y agrupamientos - Activa&#039;t | Participa i transforma el teu futur","robots":{"index":"index","follow":"follow","max-snippet":"max-snippet:-1","max-image-preview":"max-image-preview:large","max-video-preview":"max-video-preview:-1"},"canonical":"https:\/\/activat.ferrerguardia.org\/activat-joves-referents-enceta-la-cinquena-edicio\/","og_locale":"es_ES","og_type":"article","og_title":"Activa't - Joves Referents acompa\u00f1a a personas j\u00f3venes de or\u00edgenes diversos en su vinculaci\u00f3n a esplais y agrupamientos - Activa&#039;t | Participa i transforma el teu futur","og_description":"Las personas participantes del proyecto Activa&#8217;t &#8211; Joves Referents han iniciado sus estancias en entidades de ocio y tiempo libre. Durante el \u00faltimo mes, se han llevado a cabo reuniones con los y las j\u00f3venes para evaluar su progreso en los cursos de este verano y apoyar en su vinculaci\u00f3n a las entidades colaboradoras.\u00a0\u00a0 Antes [&hellip;]","og_url":"https:\/\/activat.ferrerguardia.org\/activat-joves-referents-enceta-la-cinquena-edicio\/","og_site_name":"Activa&#039;t | Participa i transforma el teu futur","article_publisher":"https:\/\/www.facebook.com\/FundacioFrancescFerrerGuardia","article_published_time":"2024-04-25T05:33:27+00:00","article_modified_time":"2025-02-26T11:27:47+00:00","og_image":[{"width":1201,"height":679,"url":"https:\/\/activat.ferrerguardia.org\/wp-content\/uploads\/2024\/04\/activat-joves-referents-2024-destacada.jpg","type":"image\/jpeg"}],"author":"adminactivat","twitter_card":"summary_large_image","twitter_misc":{"Escrito por":"adminactivat","Tiempo de lectura":"2 minutos"},"schema":{"@context":"https:\/\/schema.org","@graph":[{"@type":"Article","@id":"https:\/\/activat.ferrerguardia.org\/activat-joves-referents-enceta-la-cinquena-edicio\/#article","isPartOf":{"@id":"https:\/\/activat.ferrerguardia.org\/activat-joves-referents-enceta-la-cinquena-edicio\/"},"author":{"name":"adminactivat","@id":"https:\/\/activat.ferrerguardia.org\/#\/schema\/person\/2b385d89ee0022e0fe4087fdfdf2e51d"},"headline":"Activa&#8217;t &#8211; Joves Referents acompa\u00f1a a personas j\u00f3venes de or\u00edgenes diversos en su vinculaci\u00f3n a esplais y agrupamientos","datePublished":"2024-04-25T05:33:27+00:00","dateModified":"2025-02-26T11:27:47+00:00","mainEntityOfPage":{"@id":"https:\/\/activat.ferrerguardia.org\/activat-joves-referents-enceta-la-cinquena-edicio\/"},"wordCount":399,"commentCount":0,"publisher":{"@id":"https:\/\/activat.ferrerguardia.org\/#organization"},"image":{"@id":"https:\/\/activat.ferrerguardia.org\/activat-joves-referents-enceta-la-cinquena-edicio\/#primaryimage"},"thumbnailUrl":"https:\/\/activat.ferrerguardia.org\/wp-content\/uploads\/2024\/04\/activat-joves-referents-2024-destacada.jpg","articleSection":["Not\u00edcies"],"inLanguage":"es"},{"@type":"WebPage","@id":"https:\/\/activat.ferrerguardia.org\/activat-joves-referents-enceta-la-cinquena-edicio\/","url":"https:\/\/activat.ferrerguardia.org\/activat-joves-referents-enceta-la-cinquena-edicio\/","name":"Activa't - Joves Referents acompa\u00f1a a personas j\u00f3venes de or\u00edgenes diversos en su vinculaci\u00f3n a esplais y agrupamientos - Activa&#039;t | Participa i transforma el teu futur","isPartOf":{"@id":"https:\/\/activat.ferrerguardia.org\/#website"},"primaryImageOfPage":{"@id":"https:\/\/activat.ferrerguardia.org\/activat-joves-referents-enceta-la-cinquena-edicio\/#primaryimage"},"image":{"@id":"https:\/\/activat.ferrerguardia.org\/activat-joves-referents-enceta-la-cinquena-edicio\/#primaryimage"},"thumbnailUrl":"https:\/\/activat.ferrerguardia.org\/wp-content\/uploads\/2024\/04\/activat-joves-referents-2024-destacada.jpg","datePublished":"2024-04-25T05:33:27+00:00","dateModified":"2025-02-26T11:27:47+00:00","breadcrumb":{"@id":"https:\/\/activat.ferrerguardia.org\/activat-joves-referents-enceta-la-cinquena-edicio\/#breadcrumb"},"inLanguage":"es","potentialAction":[{"@type":"ReadAction","target":["https:\/\/activat.ferrerguardia.org\/activat-joves-referents-enceta-la-cinquena-edicio\/"]}]},{"@type":"ImageObject","inLanguage":"es","@id":"https:\/\/activat.ferrerguardia.org\/activat-joves-referents-enceta-la-cinquena-edicio\/#primaryimage","url":"https:\/\/activat.ferrerguardia.org\/wp-content\/uploads\/2024\/04\/activat-joves-referents-2024-destacada.jpg","contentUrl":"https:\/\/activat.ferrerguardia.org\/wp-content\/uploads\/2024\/04\/activat-joves-referents-2024-destacada.jpg","width":1201,"height":679},{"@type":"BreadcrumbList","@id":"https:\/\/activat.ferrerguardia.org\/activat-joves-referents-enceta-la-cinquena-edicio\/#breadcrumb","itemListElement":[{"@type":"ListItem","position":1,"name":"Inici","item":"https:\/\/activat.ferrerguardia.org\/"},{"@type":"ListItem","position":2,"name":"Activa&#8217;t &#8211; Joves Referents acompa\u00f1a a personas j\u00f3venes de or\u00edgenes diversos en su vinculaci\u00f3n a esplais y agrupamientos"}]},{"@type":"WebSite","@id":"https:\/\/activat.ferrerguardia.org\/#website","url":"https:\/\/activat.ferrerguardia.org\/","name":"activat.ferrerguardia.org","description":"Un programa que converteix la participaci\u00f3 associativa en experi\u00e8ncies que amplien les teves oportunitats laborals","publisher":{"@id":"https:\/\/activat.ferrerguardia.org\/#organization"},"potentialAction":[{"@type":"SearchAction","target":{"@type":"EntryPoint","urlTemplate":"https:\/\/activat.ferrerguardia.org\/?s={search_term_string}"},"query-input":{"@type":"PropertyValueSpecification","valueRequired":true,"valueName":"search_term_string"}}],"inLanguage":"es"},{"@type":"Organization","@id":"https:\/\/activat.ferrerguardia.org\/#organization","name":"activat.ferrerguardia.org","url":"https:\/\/activat.ferrerguardia.org\/","logo":{"@type":"ImageObject","inLanguage":"es","@id":"https:\/\/activat.ferrerguardia.org\/#\/schema\/logo\/image\/","url":"https:\/\/activat.ferrerguardia.org\/wp-content\/uploads\/2025\/04\/Logo-activat.svg","contentUrl":"https:\/\/activat.ferrerguardia.org\/wp-content\/uploads\/2025\/04\/Logo-activat.svg","caption":"activat.ferrerguardia.org"},"image":{"@id":"https:\/\/activat.ferrerguardia.org\/#\/schema\/logo\/image\/"},"sameAs":["https:\/\/www.facebook.com\/FundacioFrancescFerrerGuardia","https:\/\/www.instagram.com\/fundacioferreriguardia\/","https:\/\/bsky.app\/profile\/ferrerguardia.bsky.socia","https:\/\/www.youtube.com\/@fundferrerguardia","https:\/\/www.linkedin.com\/company\/fundacio-ferrer-i-guardia"]},{"@type":"Person","@id":"https:\/\/activat.ferrerguardia.org\/#\/schema\/person\/2b385d89ee0022e0fe4087fdfdf2e51d","name":"adminactivat","image":{"@type":"ImageObject","inLanguage":"es","@id":"https:\/\/secure.gravatar.com\/avatar\/d5c6a1c4272f231a4228a5c3a9aad29388a3ec5fbf3a1aed75ae23c498308b83?s=96&d=mm&r=g","url":"https:\/\/secure.gravatar.com\/avatar\/d5c6a1c4272f231a4228a5c3a9aad29388a3ec5fbf3a1aed75ae23c498308b83?s=96&d=mm&r=g","contentUrl":"https:\/\/secure.gravatar.com\/avatar\/d5c6a1c4272f231a4228a5c3a9aad29388a3ec5fbf3a1aed75ae23c498308b83?s=96&d=mm&r=g","caption":"adminactivat"},"url":"https:\/\/activat.ferrerguardia.org\/es\/author\/adminactivat\/"}]}},"_links":{"self":[{"href":"https:\/\/activat.ferrerguardia.org\/es\/wp-json\/wp\/v2\/posts\/2393","targetHints":{"allow":["GET"]}}],"collection":[{"href":"https:\/\/activat.ferrerguardia.org\/es\/wp-json\/wp\/v2\/posts"}],"about":[{"href":"https:\/\/activat.ferrerguardia.org\/es\/wp-json\/wp\/v2\/types\/post"}],"author":[{"embeddable":true,"href":"https:\/\/activat.ferrerguardia.org\/es\/wp-json\/wp\/v2\/users\/3"}],"replies":[{"embeddable":true,"href":"https:\/\/activat.ferrerguardia.org\/es\/wp-json\/wp\/v2\/comments?post=2393"}],"version-history":[{"count":1,"href":"https:\/\/activat.ferrerguardia.org\/es\/wp-json\/wp\/v2\/posts\/2393\/revisions"}],"predecessor-version":[{"id":2396,"href":"https:\/\/activat.ferrerguardia.org\/es\/wp-json\/wp\/v2\/posts\/2393\/revisions\/2396"}],"wp:featuredmedia":[{"embeddable":true,"href":"https:\/\/activat.ferrerguardia.org\/es\/wp-json\/wp\/v2\/media\/2398"}],"wp:attachment":[{"href":"https:\/\/activat.ferrerguardia.org\/es\/wp-json\/wp\/v2\/media?parent=2393"}],"wp:term":[{"taxonomy":"category","embeddable":true,"href":"https:\/\/activat.ferrerguardia.org\/es\/wp-json\/wp\/v2\/categories?post=2393"},{"taxonomy":"post_tag","embeddable":true,"href":"https:\/\/activat.ferrerguardia.org\/es\/wp-json\/wp\/v2\/tags?post=2393"}],"curies":[{"name":"wp","href":"https:\/\/api.w.org\/{rel}","templated":true}]}}